{"id":109872,"date":"2026-01-21T06:06:08","date_gmt":"2026-01-21T06:06:08","guid":{"rendered":"https:\/\/www.europesays.com\/lv\/109872\/"},"modified":"2026-01-21T06:06:08","modified_gmt":"2026-01-21T06:06:08","slug":"vilciena-avarija-katalonija-boja-gajis-masinists-un-ievainoti-desmitiem-pasazieru","status":"publish","type":"post","link":"https:\/\/www.europesays.com\/lv\/109872\/","title":{"rendered":"Vilciena av\u0101rij\u0101 Katalonij\u0101 boj\u0101 g\u0101jis ma\u0161\u012bnists un ievainoti desmitiem pasa\u017eieru"},"content":{"rendered":"<p>Jaun\u0101 <a href=\"https:\/\/www.apollo.lv\/term\/568731\/avarija\" class=\"topicLink\" target=\"_blank\" rel=\"nofollow noopener\">av\u0101rija<\/a> notika divas dienas p\u0113c \u0101trvilcienu sadursmes Sp\u0101nijas dienvidu re\u0123ion\u0101 Andal\u016bzij\u0101, kur\u0101 g\u0101ju\u0161i boj\u0101 vismaz 42 cilv\u0113ki.<\/p>\n<p>Re\u0123ion\u0101lie \u0101rk\u0101rtas situ\u0101ciju dienesti zi\u0146oja, ka boj\u0101g\u0101ju\u0161ais ir vilciena ma\u0161\u012bnists. Viet\u0113jo mediju public\u0113t\u0101s fotogr\u0101fij\u0101s bija redzams pamat\u012bgi boj\u0101ts vilciena priek\u0161gals.<\/p>\n<p>Uz notikuma vietu pie \u017delidas pils\u0113tas, kas atrodas uz austrumiem no Barselonas. tika nos\u016bt\u012btas aptuveni 20 \u0101tr\u0101s pal\u012bdz\u012bbas ma\u0161\u012bnas, k\u0101 ar\u012b desmitiem paramedi\u0137u un \u0101rk\u0101rtas situ\u0101ciju darbinieku.<\/p>\n<blockquote class=\"quote ck-widget\" contenteditable=\"false\">\n<p>Av\u0101rija notika, kad stipr\u0101 v\u0113tr\u0101 un lietusg\u0101z\u0113 uz dzelzce\u013ca slied\u0113m sabruka atbalstsiena, tr\u0101pot pasa\u017eieru vilcienam dzelzce\u013ca t\u012bkla &#8220;Rodalies&#8221; l\u012bnij\u0101 R4. Vilcieni \u0161aj\u0101 mar\u0161rut\u0101 parasti ir p\u0101rpild\u012bti darbdienu vakaros.<\/p>\n<\/blockquote>\n<p>Pirms tam cits &#8220;Rodalies&#8221; pasa\u017eieru <a href=\"https:\/\/www.apollo.lv\/term\/563546\/vilciens\" class=\"topicLink\" target=\"_blank\" rel=\"nofollow noopener\">vilciens<\/a> l\u012bnij\u0101 R2 noskr\u0113ja no slied\u0113m p\u0113c zemes nogruvuma pie Blanesas pils\u0113tas Katalonijas re\u0123ion\u0101. Vilciens zaud\u0113ja asi, bet netika zi\u0146ots, ka \u0161aj\u0101 av\u0101rij\u0101 b\u016btu cietu\u0161ie.<\/p>\n<p>\u0100rk\u0101rtas situ\u0101ciju dienesti Katalonij\u0101 otrdien ar\u012b atrada v\u012brie\u0161a l\u012b\u0137i automa\u0161\u012bn\u0101, kuru bija aizskaloju\u0161i pl\u016bdu \u016bde\u0146i parasti saus\u0101 up\u0113 pie Palau-Satoras ciema.<\/p>\n<p>Varas iest\u0101des izsludin\u0101ja sarkano trauksmi da\u017eos Katalonijas rajonos v\u0113tras &#8220;Harijs&#8221; d\u0113\u013c, kas atnesusi stipru v\u0113ju un lietusg\u0101zes. Cilv\u0113ki tika br\u012bdin\u0101ti netuvoties ost\u0101m un pludmal\u0113m augstu vi\u013c\u0146u d\u0113\u013c.<\/p>\n","protected":false},"excerpt":{"rendered":"Jaun\u0101 av\u0101rija notika divas dienas p\u0113c \u0101trvilcienu sadursmes Sp\u0101nijas dienvidu re\u0123ion\u0101 Andal\u016bzij\u0101, kur\u0101 g\u0101ju\u0161i boj\u0101 vismaz 42 cilv\u0113ki.&hellip;\n","protected":false},"author":2,"featured_media":109873,"comment_status":"","ping_status":"","sticky":false,"template":"","format":"standard","meta":{"footnotes":""},"categories":[5],"tags":[23,2849,28,29,32,33,22,30,31,35,39,38,36,37,34,40,20,26,27,1670,24,25,2020,21],"class_list":{"0":"post-109872","1":"post","2":"type-post","3":"status-publish","4":"format-standard","5":"has-post-thumbnail","7":"category-aktualitates","8":"tag-aktualitates","9":"tag-avarija","10":"tag-breaking-news","11":"tag-breakingnews","12":"tag-featured-news","13":"tag-featurednews","14":"tag-headlines","15":"tag-latest-news","16":"tag-latestnews","17":"tag-latvia","18":"tag-latvian","19":"tag-latviesu","20":"tag-latviesu-valoda","21":"tag-latviesuvaloda","22":"tag-latvija","23":"tag-lv","24":"tag-news","25":"tag-popularakas-zinas","26":"tag-popularakaszinas","27":"tag-spanija","28":"tag-top-stories","29":"tag-topstories","30":"tag-vilciens","31":"tag-zinas"},"share_on_mastodon":{"url":"https:\/\/pubeurope.com\/@lv\/115931590342127389","error":""},"_links":{"self":[{"href":"https:\/\/www.europesays.com\/lv\/wp-json\/wp\/v2\/posts\/109872","targetHints":{"allow":["GET"]}}],"collection":[{"href":"https:\/\/www.europesays.com\/lv\/wp-json\/wp\/v2\/posts"}],"about":[{"href":"https:\/\/www.europesays.com\/lv\/wp-json\/wp\/v2\/types\/post"}],"author":[{"embeddable":true,"href":"https:\/\/www.europesays.com\/lv\/wp-json\/wp\/v2\/users\/2"}],"replies":[{"embeddable":true,"href":"https:\/\/www.europesays.com\/lv\/wp-json\/wp\/v2\/comments?post=109872"}],"version-history":[{"count":0,"href":"https:\/\/www.europesays.com\/lv\/wp-json\/wp\/v2\/posts\/109872\/revisions"}],"wp:featuredmedia":[{"embeddable":true,"href":"https:\/\/www.europesays.com\/lv\/wp-json\/wp\/v2\/media\/109873"}],"wp:attachment":[{"href":"https:\/\/www.europesays.com\/lv\/wp-json\/wp\/v2\/media?parent=109872"}],"wp:term":[{"taxonomy":"category","embeddable":true,"href":"https:\/\/www.europesays.com\/lv\/wp-json\/wp\/v2\/categories?post=109872"},{"taxonomy":"post_tag","embeddable":true,"href":"https:\/\/www.europesays.com\/lv\/wp-json\/wp\/v2\/tags?post=109872"}],"curies":[{"name":"wp","href":"https:\/\/api.w.org\/{rel}","templated":true}]}}