{"id":109891,"date":"2026-01-21T06:44:06","date_gmt":"2026-01-21T06:44:06","guid":{"rendered":"https:\/\/www.europesays.com\/lv\/109891\/"},"modified":"2026-01-21T06:44:06","modified_gmt":"2026-01-21T06:44:06","slug":"volfa-izcina-uzvaru-masu-starta-alzina-sauj-nekludigi-lente-lv","status":"publish","type":"post","link":"https:\/\/www.europesays.com\/lv\/109891\/","title":{"rendered":"Volfa izc\u012bna uzvaru masu start\u0101, Alzi\u0146a \u0161auj nek\u013c\u016bd\u012bgi\u00a0\u2014\u00a0Lente.lv"},"content":{"rendered":"<p>Volfa triumf\u0113 sievie\u0161u masu start\u0101<\/p>\n<p>Sv\u0113tdien, 19. janv\u0101r\u012b, Madon\u0101 nosl\u0113dzies Starptautisk\u0101s biatlona savien\u012bbas (IBU) junioru kausa posms, kur p\u0113d\u0113j\u0101s sacens\u012bb\u0101s sievie\u0161u 9 km masu start\u0101 uzvaru izc\u012bn\u012bja Latvijas sportiste Estere Volfa. Vi\u0146a veica distanci ar vienu k\u013c\u016bdu \u0161autuv\u0113 un fini\u0161\u0113ja laika summ\u0101 29:40.9. Tas vi\u0146ai nodro\u0161in\u0101ja kopum\u0101 otro zelta meda\u013cu \u0161aj\u0101 posm\u0101 un tre\u0161o godalgu sacens\u012bbu ned\u0113\u013cas nogal\u0113.<\/p>\n<p>Estere Volfa ar\u012b iepriek\u0161\u0113j\u0101s dien\u0101s demonstr\u0113ja lielisku sniegumu, kopum\u0101 sakr\u0101jot divas zelta un vienu sudraba meda\u013cu. Vi\u0146as pan\u0101kums \u0161aj\u0101 masu start\u0101 tika pan\u0101kts ar nevainojamu sniegumu p\u0113d\u0113j\u0101 \u0161au\u0161an\u0101 st\u0101vus, kas \u013c\u0101va apsteigt tuv\u0101k\u0101s konkurentes. Otraj\u0101 viet\u0101 ierindoj\u0101s slov\u0113niete Manca Kasermane, atpaliekot vair\u0101k nek\u0101 min\u016bti, bet tre\u0161\u0101 bija poliete Amelia Liszka.<\/p>\n<p>Lozberam neveiksm\u012bga diena pui\u0161u konkurenc\u0113<\/p>\n<p>V\u012brie\u0161u 12 km masu start\u0101 Latvijas biatlonistam Rihardam Lozberam, kur\u0161 start\u0113ja no 7. numura, diena nebija veiksm\u012bga. Neskatoties uz labo s\u0101kumu, vair\u0101kas k\u013c\u016bdas \u0161au\u0161an\u0101, tostarp tr\u012bs p\u0113d\u0113j\u0101 \u0161au\u0161an\u0101 st\u0101vus, liedza c\u012bn\u012bties par augst\u0101k\u0101m viet\u0101m. Vi\u0146\u0161 fini\u0161\u0113ja 6. poz\u012bcij\u0101, zaud\u0113jot uzvar\u0113t\u0101jam Vladimiram Ko\u010dm\u0101nekam no \u010cehijas vair\u0101k nek\u0101 pusotru min\u016bti. Ko\u010dm\u0101neks uzvar\u0113ja ar nevainojamu sniegumu vis\u0101s \u0161autuv\u0113s. Otrais \u0101tr\u0101kais bija austrietis Tomass Marhls, bet tre\u0161ais igau\u0146u Frederik V\u0113lb\u0113.<\/p>\n<p>Alzi\u0146a \u2013 vien\u012bg\u0101 ar bez k\u013c\u016bd\u0101m<\/p>\n<p>Latvijas junioru izlases sast\u0101v\u0101 \u0161aj\u0101 posm\u0101 start\u0113ja ar\u012b Laura Alzi\u0146a, kura sievie\u0161u konkurenc\u0113 par\u0101d\u012bja izcilu sniegumu \u0161autuv\u0113, veicot visas 20 \u0161\u0101vienus bez k\u013c\u016bd\u0101m. Lai gan tas negarant\u0113ja meda\u013cu, bezmaz vai ide\u0101lais sniegums gu\u013cus un st\u0101vus \u0161au\u0161an\u0101 ir \u013coti v\u0113rt\u012bgs rezult\u0101ts, kas apliecina sportistes progresu.<\/p>\n<p>Madona k\u0101 biatlona centrs<\/p>\n<p>\u0160is IBU junioru kausa posms Madon\u0101 bija noz\u012bm\u012bgs notikums gan Latvijas, gan starptautisk\u0101 biatlona kalend\u0101r\u0101. Madonas sporta un atp\u016btas b\u0101ze &#8220;Smeceres sils&#8221; ir pier\u0101d\u012bjusi savu sp\u0113ju uz\u0146emt augst\u0101k\u0101 l\u012bme\u0146a sacens\u012bbas, un \u0161is pas\u0101kums v\u0113lreiz apliecin\u0101ja pils\u0113tas lomu k\u0101 noz\u012bm\u012bgu biatlona centru Latvij\u0101. Sacens\u012bb\u0101s kopum\u0101 piedal\u012bj\u0101s ap 250 sportistu no 25 valst\u012bm, apliecinot pas\u0101kuma starptautisko noz\u012bmi.<\/p>\n<p>Volfas pan\u0101kumu priek\u0161v\u0113stne\u0161i<\/p>\n<p>Estere Volfa \u0161ogad ir demonstr\u0113jusi stabilu progresu. Vi\u0146as veiksm\u012bgais sniegums Madon\u0101 ir lo\u0123isks rezult\u0101ts ilggad\u012bgai sagatavo\u0161an\u0101s darbam un m\u0113r\u0137tiec\u012bbai. Pirms tam vi\u0146a ir start\u0113jusi ar\u012b Pasaules un Eiropas jaunie\u0161u \u010dempion\u0101tos, k\u0101 ar\u012b guvusi pieredzi IBU kausa izc\u012b\u0146\u0101 pieaugu\u0161ajiem, kas apliecina vi\u0146as nopietno pieeju sporta karjerai.<\/p>\n","protected":false},"excerpt":{"rendered":"Volfa triumf\u0113 sievie\u0161u masu start\u0101 Sv\u0113tdien, 19. janv\u0101r\u012b, Madon\u0101 nosl\u0113dzies Starptautisk\u0101s biatlona savien\u012bbas (IBU) junioru kausa posms, kur&hellip;\n","protected":false},"author":2,"featured_media":109892,"comment_status":"","ping_status":"","sticky":false,"template":"","format":"standard","meta":{"footnotes":""},"categories":[17],"tags":[1499,16012,26010,35,39,38,36,37,34,40,25355,25061,67],"class_list":{"0":"post-109891","1":"post","2":"type-post","3":"status-publish","4":"format-standard","5":"has-post-thumbnail","7":"category-sports","8":"tag-biatlons","9":"tag-estere-volfa","10":"tag-ibu-junior-cup","11":"tag-latvia","12":"tag-latvian","13":"tag-latviesu","14":"tag-latviesu-valoda","15":"tag-latviesuvaloda","16":"tag-latvija","17":"tag-lv","18":"tag-madona","19":"tag-rihards-lozbers","20":"tag-sports"},"share_on_mastodon":{"url":"https:\/\/pubeurope.com\/@lv\/115931739763486229","error":""},"_links":{"self":[{"href":"https:\/\/www.europesays.com\/lv\/wp-json\/wp\/v2\/posts\/109891","targetHints":{"allow":["GET"]}}],"collection":[{"href":"https:\/\/www.europesays.com\/lv\/wp-json\/wp\/v2\/posts"}],"about":[{"href":"https:\/\/www.europesays.com\/lv\/wp-json\/wp\/v2\/types\/post"}],"author":[{"embeddable":true,"href":"https:\/\/www.europesays.com\/lv\/wp-json\/wp\/v2\/users\/2"}],"replies":[{"embeddable":true,"href":"https:\/\/www.europesays.com\/lv\/wp-json\/wp\/v2\/comments?post=109891"}],"version-history":[{"count":0,"href":"https:\/\/www.europesays.com\/lv\/wp-json\/wp\/v2\/posts\/109891\/revisions"}],"wp:featuredmedia":[{"embeddable":true,"href":"https:\/\/www.europesays.com\/lv\/wp-json\/wp\/v2\/media\/109892"}],"wp:attachment":[{"href":"https:\/\/www.europesays.com\/lv\/wp-json\/wp\/v2\/media?parent=109891"}],"wp:term":[{"taxonomy":"category","embeddable":true,"href":"https:\/\/www.europesays.com\/lv\/wp-json\/wp\/v2\/categories?post=109891"},{"taxonomy":"post_tag","embeddable":true,"href":"https:\/\/www.europesays.com\/lv\/wp-json\/wp\/v2\/tags?post=109891"}],"curies":[{"name":"wp","href":"https:\/\/api.w.org\/{rel}","templated":true}]}}