{"id":109953,"date":"2026-01-21T08:05:08","date_gmt":"2026-01-21T08:05:08","guid":{"rendered":"https:\/\/www.europesays.com\/lv\/109953\/"},"modified":"2026-01-21T08:05:08","modified_gmt":"2026-01-21T08:05:08","slug":"vilciena-avarija-katalonija-viens-bojagajusais-un-desmitiem-ievainoto-1188-lv","status":"publish","type":"post","link":"https:\/\/www.europesays.com\/lv\/109953\/","title":{"rendered":"Vilciena av\u0101rij\u0101 Katalonij\u0101 viens boj\u0101g\u0101ju\u0161ais un desmitiem ievainoto &#8211; 1188.lv"},"content":{"rendered":"<ol>\n<li><a href=\"https:\/\/news.google.com\/rss\/articles\/CBMiowFBVV95cUxPaFBvdjVzbTNreTB5RzJBb0NDeldKNmJIM19aczhjTGd1eDNDc3M4Vk52MTFlTjdQWnRsNG9URFA5NUF6RnBvV1ZCeDhrcVJ0N3NPSU1zeXFCR0xvQ1d3YkdoV1NtZXZEU0F5TGxvZDFnOExjV3otdG1nbHN6NTlreXZscjM2S04zc2kwY21Zal9nd2lPT1EtaE9qVlRzeTZwRldZ?oc=5\" target=\"_blank\" rel=\"nofollow noopener\">Vilciena av\u0101rij\u0101 Katalonij\u0101 viens boj\u0101g\u0101ju\u0161ais un desmitiem ievainoto<\/a>&nbsp;&nbsp;1188.lv<\/li>\n<li><a href=\"https:\/\/news.google.com\/rss\/articles\/CBMivwFBVV95cUxNdWtSMVBLUi1tdGVKZ1FGUzBZTTlxV1VVWm9FdUlHWHdmVndGWVJIQmI1Mml6dUU2ZVFKZTdwNTVhTHJLQ3NEQ2I2Y09XM2pKcGRiVVN4cmFfVkZkSE1UamhJaElTZXVBQmhXYTFPMHU5ajVyQXJpcVdFelZEZzBpZ1AzRGNWYVZjZGtEZjh2SENXNHFKMFl6d2Q1OEdWYWl1aFVsLWQtSXRRb2FsVmNBOXNPamNqenVaMFc5M3A2bw?oc=5\" target=\"_blank\" rel=\"nofollow noopener\">Divas dienas p\u0113c briesm\u012bg\u0101s katastrofas Sp\u0101nij\u0101 atkal no slied\u0113m noskr\u0113jis vilciens<\/a>&nbsp;&nbsp;Jauns.lv<\/li>\n<li><a href=\"https:\/\/news.google.com\/rss\/articles\/CBMiwwFBVV95cUxQSTMxRGpGdkFZSi1NajRXcUd3TjBxVVNWNjAxakF3QmE2MEd1LV9oZnpnUE9UUW1BM29ldm1XVFdDXzhwZ2d3d3FCQW5EV19idUVLWlVORDVMNDFycVpDR19QUWJrS3BlZHFQX2E3SkVFM1RIaWsyTXpXSC1fem4yQWFJRFlLdnNMb3QwU1NaX1FwZkdJNkk4OS1rMzc4LXJzRUFldnluRFNwSi1XWjVqNTlpMHFldFNBLUdVRm1DdTV3aFE?oc=5\" target=\"_blank\" rel=\"nofollow noopener\">Da\u017eu dienu laik\u0101 jau otr\u0101 vilcienu av\u0101rija Sp\u0101nij\u0101: viens cilv\u0113ks g\u0101jis boj\u0101, bet vair\u0101ki guvu\u0161i ievainojumus<\/a>&nbsp;&nbsp;LA.LV<\/li>\n<li><a href=\"https:\/\/news.google.com\/rss\/articles\/CBMilwFBVV95cUxOaHRQWElOQzNYcnA1VXZodnVzRjhhdkljRGxmeFNWSEFvM1hzV3lsWVE4dHRJNTcwRFp0X0tkTTFZejM4dHVzeHNOaG0yeHZveUZUMWFqdW42Z2VHbVlNX3ZDeWFuQWwta0pYdXQ0TjR1WEo3enh5V2JhTExIQmh1M2VBSGJYUmJaZmxlc3F5ZkNJakVYUmNB?oc=5\" target=\"_blank\" rel=\"nofollow noopener\">Sp\u0101nij\u0101 noraida sabot\u0101\u017eu k\u0101 iesp\u0113jamo vilcienu sadursmes c\u0113loni<\/a>&nbsp;&nbsp;TVNET<\/li>\n<li><a href=\"https:\/\/news.google.com\/rss\/articles\/CBMitgFBVV95cUxNT2V0cGFIWXBEYWxEUFhSQ1lRSE94eWxYVmt2NHlITmtsWF92U0hsbGFOS2RfZE1BOGFlaFZQeHRORU56RnN2V0lBaUUwRlZjdmhhSG1KdXZyRmI5WDVNOC1HNDBtZUg0WnBPMC1OZmNudDhEZjNUUGc1N01aQWk5Z1RWaWUyUWRsUGlmemhMWEcxaWN2OE1SaWVwSmtDWVJvM2tsemdnR3pZc2UtYVJBd3REbjIwdw?oc=5\" target=\"_blank\" rel=\"nofollow noopener\">Andal\u016bzij\u0101 notikusi \u0101trvilcienu sadursme. Vismaz 39 boj\u0101g\u0101ju\u0161ie un desmitiem ievainoto<\/a>&nbsp;&nbsp;Apollo.lv<\/li>\n<\/ol>\n","protected":false},"excerpt":{"rendered":"Vilciena av\u0101rij\u0101 Katalonij\u0101 viens boj\u0101g\u0101ju\u0161ais un desmitiem ievainoto&nbsp;&nbsp;1188.lv Divas dienas p\u0113c briesm\u012bg\u0101s katastrofas Sp\u0101nij\u0101 atkal no slied\u0113m noskr\u0113jis&hellip;\n","protected":false},"author":2,"featured_media":109954,"comment_status":"","ping_status":"","sticky":false,"template":"","format":"standard","meta":{"footnotes":""},"categories":[12],"tags":[129,3369,23,28,29,32,33,22,30,31,35,39,38,36,37,34,40,20,26,27,3370,3371,24,25,21],"class_list":{"0":"post-109953","1":"post","2":"type-post","3":"status-publish","4":"format-standard","5":"has-post-thumbnail","7":"category-latvija","8":"tag-__typenameadvicekeyword","9":"tag-id1227","10":"tag-aktualitates","11":"tag-breaking-news","12":"tag-breakingnews","13":"tag-featured-news","14":"tag-featurednews","15":"tag-headlines","16":"tag-latest-news","17":"tag-latestnews","18":"tag-latvia","19":"tag-latvian","20":"tag-latviesu","21":"tag-latviesu-valoda","22":"tag-latviesuvaloda","23":"tag-latvija","24":"tag-lv","25":"tag-news","26":"tag-popularakas-zinas","27":"tag-popularakaszinas","28":"tag-slugvilcieni-dzelzcels","29":"tag-titlevilcieni-dzelzcels","30":"tag-top-stories","31":"tag-topstories","32":"tag-zinas"},"share_on_mastodon":{"url":"https:\/\/pubeurope.com\/@lv\/115932058332692980","error":""},"_links":{"self":[{"href":"https:\/\/www.europesays.com\/lv\/wp-json\/wp\/v2\/posts\/109953","targetHints":{"allow":["GET"]}}],"collection":[{"href":"https:\/\/www.europesays.com\/lv\/wp-json\/wp\/v2\/posts"}],"about":[{"href":"https:\/\/www.europesays.com\/lv\/wp-json\/wp\/v2\/types\/post"}],"author":[{"embeddable":true,"href":"https:\/\/www.europesays.com\/lv\/wp-json\/wp\/v2\/users\/2"}],"replies":[{"embeddable":true,"href":"https:\/\/www.europesays.com\/lv\/wp-json\/wp\/v2\/comments?post=109953"}],"version-history":[{"count":0,"href":"https:\/\/www.europesays.com\/lv\/wp-json\/wp\/v2\/posts\/109953\/revisions"}],"wp:featuredmedia":[{"embeddable":true,"href":"https:\/\/www.europesays.com\/lv\/wp-json\/wp\/v2\/media\/109954"}],"wp:attachment":[{"href":"https:\/\/www.europesays.com\/lv\/wp-json\/wp\/v2\/media?parent=109953"}],"wp:term":[{"taxonomy":"category","embeddable":true,"href":"https:\/\/www.europesays.com\/lv\/wp-json\/wp\/v2\/categories?post=109953"},{"taxonomy":"post_tag","embeddable":true,"href":"https:\/\/www.europesays.com\/lv\/wp-json\/wp\/v2\/tags?post=109953"}],"curies":[{"name":"wp","href":"https:\/\/api.w.org\/{rel}","templated":true}]}}