{"id":109955,"date":"2026-01-21T08:06:07","date_gmt":"2026-01-21T08:06:07","guid":{"rendered":"https:\/\/www.europesays.com\/lv\/109955\/"},"modified":"2026-01-21T08:06:07","modified_gmt":"2026-01-21T08:06:07","slug":"valsts-kontrolieris-nosauc-turigakas-iestades-valsts-parvalde","status":"publish","type":"post","link":"https:\/\/www.europesays.com\/lv\/109955\/","title":{"rendered":"Valsts kontrolieris nosauc tur\u012bg\u0101k\u0101s iest\u0101des valsts p\u0101rvald\u0113"},"content":{"rendered":"<p>Izkl\u0101stot valsts p\u0101rvaldes atl\u012bdz\u012bbas sist\u0113mas reformas rev\u012bzijas secin\u0101jumus, Kor\u010dagins atzina, ka ir izdar\u012btas ar\u012b labas lietas, piem\u0113ram, izveidots skaidrs un moderns amatu katalogs.<\/p>\n<p>&#8220;Bet j\u0101saka, ka tas velns laikam sl\u0113pjas izpild\u012bjum\u0101 jeb naudas daudzum\u0101, kur\u0101 iest\u0101des var \u0161aj\u0101 sist\u0113m\u0101 dz\u012bvot,&#8221; vi\u0146\u0161 sac\u012bja, piebilstot, ka faktiski atl\u012bdz\u012bbas at\u0161\u0137ir\u012bbas iest\u0101d\u0113s ir tikai palielin\u0101ju\u0161\u0101s.<\/p>\n<p>Vaic\u0101ts, vai piemaksu un naudas balvu izmanto\u0161ana m\u0113ne\u0161algas palielin\u0101\u0161anas aizst\u0101\u0161anai ir likum\u012bga, Kor\u010dagins atzina, ka no likumisk\u0101s puses viss ir k\u0101rt\u012bb\u0101, bet jaut\u0101jums dr\u012bz\u0101k ir par iek\u0161\u0113jo taisn\u012bgumu valsts p\u0101rvald\u0113. Vi\u0146\u0161 min\u0113ja, ka ir iest\u0101des, kur \u0161\u0101das piemaksas darbinieki sa\u0146em se\u0161us m\u0113ne\u0161us gad\u0101 vai pat visu gadu, kam\u0113r cit\u0101s t\u0101das netiek maks\u0101tas, jo iest\u0101des to nevar at\u013cauties.<\/p>\n<p>Vaic\u0101ts, vai pie\u0146em finan\u0161u ministra Arvila A\u0161eradena (JV) kritiku par iest\u0101des veikto rev\u012bziju saist\u012bb\u0101 ar valsts pieeju \u0113nu ekonomikas ierobe\u017eo\u0161anai, Kor\u010dagins teica, ka to nepie\u0146em, un uzsv\u0113ra, ka zi\u0146ojums ir r\u016bp\u012bga un visaptvero\u0161a darba rezult\u0101ts.<\/p>\n","protected":false},"excerpt":{"rendered":"Izkl\u0101stot valsts p\u0101rvaldes atl\u012bdz\u012bbas sist\u0113mas reformas rev\u012bzijas secin\u0101jumus, Kor\u010dagins atzina, ka ir izdar\u012btas ar\u012b labas lietas, piem\u0113ram, izveidots&hellip;\n","protected":false},"author":2,"featured_media":109956,"comment_status":"","ping_status":"","sticky":false,"template":"","format":"standard","meta":{"footnotes":""},"categories":[5],"tags":[23,28,29,11646,2838,32,33,438,22,30,31,35,39,38,36,37,34,40,20,26,27,24,25,1454,3607,21],"class_list":{"0":"post-109955","1":"post","2":"type-post","3":"status-publish","4":"format-standard","5":"has-post-thumbnail","7":"category-aktualitates","8":"tag-aktualitates","9":"tag-breaking-news","10":"tag-breakingnews","11":"tag-edgars-korcagins","12":"tag-ekonomikas-ministrija","13":"tag-featured-news","14":"tag-featurednews","15":"tag-finansu-ministrija","16":"tag-headlines","17":"tag-latest-news","18":"tag-latestnews","19":"tag-latvia","20":"tag-latvian","21":"tag-latviesu","22":"tag-latviesu-valoda","23":"tag-latviesuvaloda","24":"tag-latvija","25":"tag-lv","26":"tag-news","27":"tag-popularakas-zinas","28":"tag-popularakaszinas","29":"tag-top-stories","30":"tag-topstories","31":"tag-veselibas-ministrija","32":"tag-zemkopibas-ministrija","33":"tag-zinas"},"share_on_mastodon":{"url":"https:\/\/pubeurope.com\/@lv\/115932062171734567","error":""},"_links":{"self":[{"href":"https:\/\/www.europesays.com\/lv\/wp-json\/wp\/v2\/posts\/109955","targetHints":{"allow":["GET"]}}],"collection":[{"href":"https:\/\/www.europesays.com\/lv\/wp-json\/wp\/v2\/posts"}],"about":[{"href":"https:\/\/www.europesays.com\/lv\/wp-json\/wp\/v2\/types\/post"}],"author":[{"embeddable":true,"href":"https:\/\/www.europesays.com\/lv\/wp-json\/wp\/v2\/users\/2"}],"replies":[{"embeddable":true,"href":"https:\/\/www.europesays.com\/lv\/wp-json\/wp\/v2\/comments?post=109955"}],"version-history":[{"count":0,"href":"https:\/\/www.europesays.com\/lv\/wp-json\/wp\/v2\/posts\/109955\/revisions"}],"wp:featuredmedia":[{"embeddable":true,"href":"https:\/\/www.europesays.com\/lv\/wp-json\/wp\/v2\/media\/109956"}],"wp:attachment":[{"href":"https:\/\/www.europesays.com\/lv\/wp-json\/wp\/v2\/media?parent=109955"}],"wp:term":[{"taxonomy":"category","embeddable":true,"href":"https:\/\/www.europesays.com\/lv\/wp-json\/wp\/v2\/categories?post=109955"},{"taxonomy":"post_tag","embeddable":true,"href":"https:\/\/www.europesays.com\/lv\/wp-json\/wp\/v2\/tags?post=109955"}],"curies":[{"name":"wp","href":"https:\/\/api.w.org\/{rel}","templated":true}]}}