{"id":109965,"date":"2026-01-21T08:23:15","date_gmt":"2026-01-21T08:23:15","guid":{"rendered":"https:\/\/www.europesays.com\/lv\/109965\/"},"modified":"2026-01-21T08:23:15","modified_gmt":"2026-01-21T08:23:15","slug":"otrdienas-rits-latvija-ir-aukstakais-pedejos-divos-gados-1188-lv","status":"publish","type":"post","link":"https:\/\/www.europesays.com\/lv\/109965\/","title":{"rendered":"Otrdienas r\u012bts Latvij\u0101 ir aukst\u0101kais p\u0113d\u0113jos divos gados &#8211; 1188.lv"},"content":{"rendered":"<ol>\n<li><a href=\"https:\/\/news.google.com\/rss\/articles\/CBMilAFBVV95cUxQcFA5YTBUY0p2T0xocktpYUZ1eFkzV09uQXJNeXdVS0t3Qjh3c0VrLWdveGdYRmh2Q05aQVVLX2NQOFA2LUVqa2E5QmJFdklnOU9qWEk4UldjUDV5enIzYURWSDdiSFVPMGhyN3FtZHA2QWZicENlLTNzenkzbGZJd0U1LUw3R19pMXQ0UUdYYVBZQm1q?oc=5\" target=\"_blank\" rel=\"nofollow noopener\">Otrdienas r\u012bts Latvij\u0101 ir aukst\u0101kais p\u0113d\u0113jos divos gados<\/a>&nbsp;&nbsp;1188.lv<\/li>\n<li><a href=\"https:\/\/news.google.com\/rss\/articles\/CBMi3AFBVV95cUxQYVhvV3hBT2NIemRhS0sxaHZQZDlfQ1VOd2hVaVZpR3ZlbnhJaHVHNXZrLWVsQzN6VTlWdm5RZEg4dHQwX2lfWmJwc3Z2Qjg3MUVPMGNaYi1kUWNVUENQQkxLU19HbWtPeDcydTQtb0RwdThjUmNrWGF6WHVKdGM4blZfbGNvYU52NDVROXBRUXBXcnZqYXdod3dCRmNlVURjTEtxUDkzMWwtSmZLYUk1WU9qMFR4MnhieUV6OWVQRUpYZC1INElDNUJ4ZjQyOTR2R0hYckZYRmVVVVZI?oc=5\" target=\"_blank\" rel=\"nofollow noopener\">Aukst\u0101kais laiks b\u016bs ned\u0113\u013cas pirmaj\u0101 pus\u0113, bet ar\u012b p\u0113c tam sals neatk\u0101psies \/ Raksts<\/a>&nbsp;&nbsp;LSM<\/li>\n<li><a href=\"https:\/\/news.google.com\/rss\/articles\/CBMisgFBVV95cUxOdzVkT25kMnFzV0t6aDRlZnJPSmM4c2lsZmk0T1pPNGkyNTBpRHlFMHM4XzNUYktNTkJtMzR0cTIzbHRXNnJlSy05WHdTTkg0QTNUZWwxanB2N2U1bG9uejVhT0lnM3owdndWU2hXX2FmWk9oUm1YamRaazYxN0NWalUtQXZnUDVKLTQxcVZkcDIxWnZZZVVjaTZNekF2bDdKbEdhYU1mZlhMOHFWWk1VT2hn?oc=5\" target=\"_blank\" rel=\"nofollow noopener\">Ziema turpin\u0101s, tre\u0161dien br\u012b\u017eiem gaid\u0101ms neliels sniegs<\/a>&nbsp;&nbsp;Delfi<\/li>\n<li><a href=\"https:\/\/news.google.com\/rss\/articles\/CBMipgFBVV95cUxNTUZNYnJJLU4tazNfYzBLWjh0d2l5OWszeGVtTzczUk5qZTZ4MnFXLW9vZFh0d19KRHhYMG9FWFppYnRlZHVSd056T2VOSnlKVzJXaUN0OW9Tak9oTnFyMFVCRlA2Zndxd3hzY3JRcUk2c0U4MWxkTGR3bFBQQTFBUVRjcVRCQ0ZIRjVSeTFKNUdVTi1kUTI5UHh4S1BqdkpXVlNwb2dR?oc=5\" target=\"_blank\" rel=\"nofollow noopener\">Nakt\u012b sals sasniegs -24 gr\u0101dus; sinopti\u0137i izsludina br\u012bdin\u0101jumu<\/a>&nbsp;&nbsp;Lasi.lv<\/li>\n<li><a href=\"https:\/\/news.google.com\/rss\/articles\/CBMikwFBVV95cUxPSzdYVGNfMk45aEdHaWYwZVllTnp5WlBrRXlDVV90ZXFZVjdnMUZrRlFuZVBrZG1wdkY4MGw2NUVSMmVpMWM5Z1dYaG5SbGtjYzZURzBhUEwzS2FkQ1h5Z0tGeEhLdDBwaTZwMjJrQTU3dG1kbnR6UDJHelZaWHRhVDljczkwTXNONnJzZjFJYzFQTW8?oc=5\" target=\"_blank\" rel=\"nofollow noopener\">Toms Bricis nomierina: aukst\u0101k par -25 nevajadz\u0113tu b\u016bt<\/a>&nbsp;&nbsp;Jauns.lv<\/li>\n<\/ol>\n","protected":false},"excerpt":{"rendered":"Otrdienas r\u012bts Latvij\u0101 ir aukst\u0101kais p\u0113d\u0113jos divos gados&nbsp;&nbsp;1188.lv Aukst\u0101kais laiks b\u016bs ned\u0113\u013cas pirmaj\u0101 pus\u0113, bet ar\u012b p\u0113c tam&hellip;\n","protected":false},"author":2,"featured_media":109966,"comment_status":"","ping_status":"","sticky":false,"template":"","format":"standard","meta":{"footnotes":""},"categories":[12],"tags":[129,1395,3333,23,28,29,32,33,22,30,31,35,39,38,36,37,34,40,20,26,27,3334,3179,3335,3180,24,25,21],"class_list":{"0":"post-109965","1":"post","2":"type-post","3":"status-publish","4":"format-standard","5":"has-post-thumbnail","7":"category-latvija","8":"tag-__typenameadvicekeyword","9":"tag-id408","10":"tag-id563","11":"tag-aktualitates","12":"tag-breaking-news","13":"tag-breakingnews","14":"tag-featured-news","15":"tag-featurednews","16":"tag-headlines","17":"tag-latest-news","18":"tag-latestnews","19":"tag-latvia","20":"tag-latvian","21":"tag-latviesu","22":"tag-latviesu-valoda","23":"tag-latviesuvaloda","24":"tag-latvija","25":"tag-lv","26":"tag-news","27":"tag-popularakas-zinas","28":"tag-popularakaszinas","29":"tag-sluglaika-zina","30":"tag-slugweather","31":"tag-titlelaika-zina","32":"tag-titleweather","33":"tag-top-stories","34":"tag-topstories","35":"tag-zinas"},"share_on_mastodon":{"url":"https:\/\/pubeurope.com\/@lv\/115932129127221507","error":""},"_links":{"self":[{"href":"https:\/\/www.europesays.com\/lv\/wp-json\/wp\/v2\/posts\/109965","targetHints":{"allow":["GET"]}}],"collection":[{"href":"https:\/\/www.europesays.com\/lv\/wp-json\/wp\/v2\/posts"}],"about":[{"href":"https:\/\/www.europesays.com\/lv\/wp-json\/wp\/v2\/types\/post"}],"author":[{"embeddable":true,"href":"https:\/\/www.europesays.com\/lv\/wp-json\/wp\/v2\/users\/2"}],"replies":[{"embeddable":true,"href":"https:\/\/www.europesays.com\/lv\/wp-json\/wp\/v2\/comments?post=109965"}],"version-history":[{"count":0,"href":"https:\/\/www.europesays.com\/lv\/wp-json\/wp\/v2\/posts\/109965\/revisions"}],"wp:featuredmedia":[{"embeddable":true,"href":"https:\/\/www.europesays.com\/lv\/wp-json\/wp\/v2\/media\/109966"}],"wp:attachment":[{"href":"https:\/\/www.europesays.com\/lv\/wp-json\/wp\/v2\/media?parent=109965"}],"wp:term":[{"taxonomy":"category","embeddable":true,"href":"https:\/\/www.europesays.com\/lv\/wp-json\/wp\/v2\/categories?post=109965"},{"taxonomy":"post_tag","embeddable":true,"href":"https:\/\/www.europesays.com\/lv\/wp-json\/wp\/v2\/tags?post=109965"}],"curies":[{"name":"wp","href":"https:\/\/api.w.org\/{rel}","templated":true}]}}