{"id":109969,"date":"2026-01-21T08:29:10","date_gmt":"2026-01-21T08:29:10","guid":{"rendered":"https:\/\/www.europesays.com\/lv\/109969\/"},"modified":"2026-01-21T08:29:10","modified_gmt":"2026-01-21T08:29:10","slug":"cela-uz-davosu-trampa-lidmasinai-gadas-kibele-1188-lv","status":"publish","type":"post","link":"https:\/\/www.europesays.com\/lv\/109969\/","title":{"rendered":"Ce\u013c\u0101 uz Davosu Trampa lidma\u0161\u012bnai gad\u0101s \u0137ibele &#8211; 1188.lv"},"content":{"rendered":"<ol>\n<li><a href=\"https:\/\/news.google.com\/rss\/articles\/CBMihgFBVV95cUxPYlpRZzJNbUw2MFhkRFJjajNaX0hSeDl4MUVSaEJJaU8tQVE2OHJ5VjlDWVIxRVZ4NHBFa2w1TjVrby1ReTBIWTBRc2xNZUpac214eHliRDBCb0xQMEpHUk1YXzE5QXFBQUladlNhLWxhZmhrX0stenFKcXhxbXVIUXEyelJGQQ?oc=5\" target=\"_blank\" rel=\"nofollow noopener\">Ce\u013c\u0101 uz Davosu Trampa lidma\u0161\u012bnai gad\u0101s \u0137ibele<\/a>&nbsp;&nbsp;1188.lv<\/li>\n<li><a href=\"https:\/\/news.google.com\/rss\/articles\/CBMi1gFBVV95cUxQeDlONE5OTGtRUVJGOGctN0VmYy1mcV9UWENZWkx5WUNaZTdHQVRrSVNReHZ1ckZkQTdMU3ZlOFNESndzNkx3ZTR3R210SnRWbHZqblQ2LXJDdkJIdWE2aS1MbEl0VjhLaERSYnAwS2xtM2pYdGZmSXJNRUF1bDBPdnBCRmdRUFJuNDNVOXRoVnZYLWRiQmtBS05XTG9uMGw5WHVoQmNIa3g1NG1CUEllYzNqVFIzVHdocXNYR2VQcjF0djdXZDVoQlpza0tPUmptX0VJcER3?oc=5\" target=\"_blank\" rel=\"nofollow noopener\">Trampa lidma\u0161\u012bnai ce\u013c\u0101 uz Davosu n\u0101cies griezties atpaka\u013c tehnisku probl\u0113mu d\u0113\u013c \/ Raksts<\/a>&nbsp;&nbsp;LSM<\/li>\n<li><a href=\"https:\/\/news.google.com\/rss\/articles\/CBMiogFBVV95cUxQWG5vcFF2cDIxMXZCWTloaUo3UGVreVFwd2t2YkhWUzlMbVR4dDJCM3pjUVFROE10YV94UWlyU0NCOGFqZGk0UDhTODNDV3g5blZYT0F1RVhzYXZsUVJYaTZ0bTM3TFdYX3V5T1dFNXgwM0dBSFdPUDN1WS1MT0FYV1FZWHdFYmFnUHNfdm1mWk5Zd29aUkIxRFF1ekpDbTRma2c?oc=5\" target=\"_blank\" rel=\"nofollow noopener\">Tehnisku probl\u0113mu d\u0113\u013c Trampa lidma\u0161\u012bna ce\u013c\u0101 uz Davosu atgriezusies ASV<\/a>&nbsp;&nbsp;Apollo.lv<\/li>\n<li><a href=\"https:\/\/news.google.com\/rss\/articles\/CBMiogFBVV95cUxNeUNweXVodFJpYnlGSmcwaFR5MXBLdV9UdVloYlB4RUZjMFpOSnU4alZmUkZLNUsxNDRxX3FsaXFZVHk3cGVGakNqSFVFRi1mZFlrQ0c4ZU9ESGFhcXNMSkxHNlZ2QVktMnlUeVl5TEduTWhaVnVQX3dBVTF3YU1zOXUwRHlqaDNnVUdiRXpWYUJSUmgzdnlOejRMX1VOVmhlY0E?oc=5\" target=\"_blank\" rel=\"nofollow noopener\">Tehniskas probl\u0113mas liedz Trampam turpin\u0101t lidojumu uz \u0160veici<\/a>&nbsp;&nbsp;Jauns.lv<\/li>\n<li><a href=\"https:\/\/news.google.com\/rss\/articles\/CBMixgFBVV95cUxOZV9YS1Eybno2ci1mYkdFYVo0Y1puM0R3V2dCRlN1N2NkWV91MXltVkM5UDg5a2l1b0hDUENfLWhybEtFSFlVczVNamNkcXpCaXh6V3p0M1VZSDN6TDVOcnpFTm42dU95anRQbGFxZF9PSUg3UFVxNF9TOXdjcnZqdlc3T0JpRzU4MmxWRF9XSmtuWTZlYVRjdXdxbERfQXllZ0ZTb0phM0MwTGF5dzQxUlhYWEJWUjl3cm9MQVJEWEFVaTNEZFE?oc=5\" target=\"_blank\" rel=\"nofollow noopener\">Norv\u0113\u0123ijas armija izs\u016bta br\u012bdin\u0101jumus iedz\u012bvot\u0101jiem, kas notiktu ar vi\u0146u \u012bpa\u0161umiem kara gad\u012bjum\u0101<\/a>&nbsp;&nbsp;tv3.lv<\/li>\n<\/ol>\n","protected":false},"excerpt":{"rendered":"Ce\u013c\u0101 uz Davosu Trampa lidma\u0161\u012bnai gad\u0101s \u0137ibele&nbsp;&nbsp;1188.lv Trampa lidma\u0161\u012bnai ce\u013c\u0101 uz Davosu n\u0101cies griezties atpaka\u013c tehnisku probl\u0113mu d\u0113\u013c&hellip;\n","protected":false},"author":2,"featured_media":109970,"comment_status":"","ping_status":"","sticky":false,"template":"","format":"standard","meta":{"footnotes":""},"categories":[12],"tags":[129,960,2103,23,28,29,32,33,22,30,31,35,39,38,36,37,34,40,20,26,27,961,2104,962,2105,24,25,21],"class_list":{"0":"post-109969","1":"post","2":"type-post","3":"status-publish","4":"format-standard","5":"has-post-thumbnail","7":"category-latvija","8":"tag-__typenameadvicekeyword","9":"tag-id1007","10":"tag-id651","11":"tag-aktualitates","12":"tag-breaking-news","13":"tag-breakingnews","14":"tag-featured-news","15":"tag-featurednews","16":"tag-headlines","17":"tag-latest-news","18":"tag-latestnews","19":"tag-latvia","20":"tag-latvian","21":"tag-latviesu","22":"tag-latviesu-valoda","23":"tag-latviesuvaloda","24":"tag-latvija","25":"tag-lv","26":"tag-news","27":"tag-popularakas-zinas","28":"tag-popularakaszinas","29":"tag-slugdonalds-tramps","30":"tag-sluglidmasinas-aviacija","31":"tag-titledonalds-tramps","32":"tag-titlelidmasinas-aviacija","33":"tag-top-stories","34":"tag-topstories","35":"tag-zinas"},"share_on_mastodon":{"url":"https:\/\/pubeurope.com\/@lv\/115932152683891863","error":""},"_links":{"self":[{"href":"https:\/\/www.europesays.com\/lv\/wp-json\/wp\/v2\/posts\/109969","targetHints":{"allow":["GET"]}}],"collection":[{"href":"https:\/\/www.europesays.com\/lv\/wp-json\/wp\/v2\/posts"}],"about":[{"href":"https:\/\/www.europesays.com\/lv\/wp-json\/wp\/v2\/types\/post"}],"author":[{"embeddable":true,"href":"https:\/\/www.europesays.com\/lv\/wp-json\/wp\/v2\/users\/2"}],"replies":[{"embeddable":true,"href":"https:\/\/www.europesays.com\/lv\/wp-json\/wp\/v2\/comments?post=109969"}],"version-history":[{"count":0,"href":"https:\/\/www.europesays.com\/lv\/wp-json\/wp\/v2\/posts\/109969\/revisions"}],"wp:featuredmedia":[{"embeddable":true,"href":"https:\/\/www.europesays.com\/lv\/wp-json\/wp\/v2\/media\/109970"}],"wp:attachment":[{"href":"https:\/\/www.europesays.com\/lv\/wp-json\/wp\/v2\/media?parent=109969"}],"wp:term":[{"taxonomy":"category","embeddable":true,"href":"https:\/\/www.europesays.com\/lv\/wp-json\/wp\/v2\/categories?post=109969"},{"taxonomy":"post_tag","embeddable":true,"href":"https:\/\/www.europesays.com\/lv\/wp-json\/wp\/v2\/tags?post=109969"}],"curies":[{"name":"wp","href":"https:\/\/api.w.org\/{rel}","templated":true}]}}