{"id":110058,"date":"2026-01-21T10:23:16","date_gmt":"2026-01-21T10:23:16","guid":{"rendered":"https:\/\/www.europesays.com\/lv\/110058\/"},"modified":"2026-01-21T10:23:16","modified_gmt":"2026-01-21T10:23:16","slug":"arsenal-joprojam-domine-uefa-cempionu-liga-mbape-turpina-bombardet","status":"publish","type":"post","link":"https:\/\/www.europesays.com\/lv\/110058\/","title":{"rendered":"Arsenal&#8221; joproj\u0101m domin\u0113 UEFA \u010cempionu l\u012bg\u0101; Mbap\u0113 turpina &#8220;bombard\u0113t"},"content":{"rendered":"<p>Ar\u012b 15 punkti, bet se\u0161\u0101s sp\u0113l\u0113s, ir Minhenes &#8220;Bayern&#8221;, kas tre\u0161dien sp\u0113kosies ar Sen\u017eilas &#8220;Royale Union&#8221;.<\/p>\n<p>Zaud\u0113jumu piedz\u012bvoja pa\u0161reiz\u0113j\u0101 \u010dempione Par\u012bzes &#8220;Saint-Germain&#8221;, kas viesos ar 1:2 (0:0) atzina Lisabonas &#8220;Sporting&#8221; p\u0101r\u0101kumu.<\/p>\n<p>M\u0101jiniekus 74. min\u016bt\u0113 vad\u012bb\u0101 izvirz\u012bja kolumbietis Luiss Suaress, bet piecas min\u016btes v\u0113l\u0101k Kvi\u010da Kvarachelija pan\u0101ca 1:1.<\/p>\n<p>Tiesa, kompens\u0101cijas laika pirmaj\u0101 min\u016bt\u0113 &#8220;Sporting&#8221; komandai uzvaras v\u0101rtus guva Suaress.<\/p>\n<p>Ab\u0101m komand\u0101m ir pa 13 punktiem, atrodoties grup\u0101 no piekt\u0101s l\u012bdz astotajai poz\u012bcijai.<\/p>\n<p>Pamatturn\u012brs beigsies janv\u0101ra beig\u0101s.<\/p>\n<p>Form\u0101t\u0101, kas tika ieviests pag\u0101ju\u0161aj\u0101 sezon\u0101, asto\u0146as lab\u0101k\u0101s grupas komandas iek\u013c\u016bs astotda\u013cfin\u0101l\u0101, kur t\u0101m pievienosies uzvar\u0113t\u0101jas izsl\u0113g\u0161anas sp\u0113l\u0113s, kur\u0101s piedal\u012bsies grup\u0101 9.-24. vietu ie\u0146\u0113mu\u0161\u0101s komandas. Abas fin\u0101listes sacens\u012bbu laik\u0101 aizvad\u012bs 15 sp\u0113les, bet 25.-36. vietas ieguv\u0113jas komandas sp\u0113l\u0113s tikai asto\u0146as sp\u0113les.<\/p>\n<p>Sacens\u012bbu fin\u0101ls n\u0101kam\u0101 gada maij\u0101 notiks Budape\u0161t\u0101.<\/p>\n<p>Pag\u0101ju\u0161aj\u0101 sezon\u0101 \u010cempionu l\u012bgas fin\u0101l\u0101 Minhen\u0113 PSG ar 5:0 sagr\u0101va Mil\u0101nas &#8220;Inter&#8221;.<\/p>\n","protected":false},"excerpt":{"rendered":"Ar\u012b 15 punkti, bet se\u0161\u0101s sp\u0113l\u0113s, ir Minhenes &#8220;Bayern&#8221;, kas tre\u0161dien sp\u0113kosies ar Sen\u017eilas &#8220;Royale Union&#8221;. Zaud\u0113jumu piedz\u012bvoja&hellip;\n","protected":false},"author":2,"featured_media":110059,"comment_status":"","ping_status":"","sticky":false,"template":"","format":"standard","meta":{"footnotes":""},"categories":[17],"tags":[714,676,1375,35,39,38,36,37,34,40,67,3589],"class_list":{"0":"post-110058","1":"post","2":"type-post","3":"status-publish","4":"format-standard","5":"has-post-thumbnail","7":"category-sports","8":"tag-futbola-jaunumi","9":"tag-futbols","10":"tag-futbols-pasaule","11":"tag-latvia","12":"tag-latvian","13":"tag-latviesu","14":"tag-latviesu-valoda","15":"tag-latviesuvaloda","16":"tag-latvija","17":"tag-lv","18":"tag-sports","19":"tag-uefa-cempionu-liga"},"share_on_mastodon":{"url":"https:\/\/pubeurope.com\/@lv\/115932600991971422","error":""},"_links":{"self":[{"href":"https:\/\/www.europesays.com\/lv\/wp-json\/wp\/v2\/posts\/110058","targetHints":{"allow":["GET"]}}],"collection":[{"href":"https:\/\/www.europesays.com\/lv\/wp-json\/wp\/v2\/posts"}],"about":[{"href":"https:\/\/www.europesays.com\/lv\/wp-json\/wp\/v2\/types\/post"}],"author":[{"embeddable":true,"href":"https:\/\/www.europesays.com\/lv\/wp-json\/wp\/v2\/users\/2"}],"replies":[{"embeddable":true,"href":"https:\/\/www.europesays.com\/lv\/wp-json\/wp\/v2\/comments?post=110058"}],"version-history":[{"count":0,"href":"https:\/\/www.europesays.com\/lv\/wp-json\/wp\/v2\/posts\/110058\/revisions"}],"wp:featuredmedia":[{"embeddable":true,"href":"https:\/\/www.europesays.com\/lv\/wp-json\/wp\/v2\/media\/110059"}],"wp:attachment":[{"href":"https:\/\/www.europesays.com\/lv\/wp-json\/wp\/v2\/media?parent=110058"}],"wp:term":[{"taxonomy":"category","embeddable":true,"href":"https:\/\/www.europesays.com\/lv\/wp-json\/wp\/v2\/categories?post=110058"},{"taxonomy":"post_tag","embeddable":true,"href":"https:\/\/www.europesays.com\/lv\/wp-json\/wp\/v2\/tags?post=110058"}],"curies":[{"name":"wp","href":"https:\/\/api.w.org\/{rel}","templated":true}]}}