{"id":110092,"date":"2026-01-21T10:57:08","date_gmt":"2026-01-21T10:57:08","guid":{"rendered":"https:\/\/www.europesays.com\/lv\/110092\/"},"modified":"2026-01-21T10:57:08","modified_gmt":"2026-01-21T10:57:08","slug":"asv-mudina-eiropu-izvairities-no-refleksivam-dusmam-grenlandes-jautajuma-1188-lv","status":"publish","type":"post","link":"https:\/\/www.europesays.com\/lv\/110092\/","title":{"rendered":"ASV mudina Eiropu izvair\u012bties no &quot;refleks\u012bv\u0101m dusm\u0101m&quot; Grenlandes jaut\u0101jum\u0101 &#8211; 1188.lv"},"content":{"rendered":"<ol>\n<li><a href=\"https:\/\/news.google.com\/rss\/articles\/CBMipwFBVV95cUxPMXlQVmNJQm42a19pZXZBYi02RDZkYVlhaGVHMGhBeVI3ZnBFUjVLdmo5Y18tN24wQWs3bWhRejNRSW9DbHA2cFRNSFpyTTdOSTlFdHd3VU05M1p6M2I1aEtsazlmTUNTN2s0Y0Y3ZFk1d0NlMFN3VEpaMzlBS1dlVHZKVXpwZUx1OUphbzgwaGRVd3IzRnhOMUR5U1pSOV9Kbk9WejJlQQ?oc=5\" target=\"_blank\" rel=\"nofollow noopener\">ASV mudina Eiropu izvair\u012bties no &#8220;refleks\u012bv\u0101m dusm\u0101m&#8221; Grenlandes jaut\u0101jum\u0101<\/a>&nbsp;&nbsp;1188.lv<\/li>\n<li><a href=\"https:\/\/news.google.com\/rss\/articles\/CBMi5gFBVV95cUxPTk1KcTk3TXlTbVRNU0pzcjlmdEhEVHZlMlN2SmlGMDl2U2Rab01MdUxYUExWTmF1UGkxallzQmlNcVFvNVE5R1ZuNDZSWHhHblBsaUxhdDRmM0FBVEtqcEdoOVYtckpyRmRyemIya3QxaHNObS1JeHlDNnRweEpiMkZMbTFhbmwtS0pmalNCQXpGa2IxcDJYVThIUjJZTnFxLVdlYUZqcGhIRWpHNmU2RDNwQmh2TjBRcHdNOFFDTmM0elVfeEIzZUh1NmY4U1Vnc2RpWU5SRlM2ZlBfY2RuSDRadWNuQQ?oc=5\" target=\"_blank\" rel=\"nofollow noopener\">Pasaules ekonomikas foruma Davos\u0101 uzman\u012bbas centr\u0101 Grenlande un transatlantisk\u0101s attiec\u012bbas<\/a>&nbsp;&nbsp;LSM<\/li>\n<li><a href=\"https:\/\/news.google.com\/rss\/articles\/CBMiwgFBVV95cUxPNmZtSlZUczdYS0tvOXdSLUs0dWxTTDY3NXQwaV9ObzRveGlMNFlCR2xWRThWSXlTcXRRNjFQRERra3kwU2VQUndla1ZERUpRSk4zY2VSVkJrVnhFRlFKMkN3RlNYSUtWMUZWTzJ0WlQyRnJNbU1TdVZMMUlaZzluRjhsT296ZkRkYllLRW4xVm9XU0hMX055QTZrNTR3dEpiTVRVbUlRUGhOalE4dDItaU8xVHZ5VXJDdEhVZmlvZXZQQQ?oc=5\" target=\"_blank\" rel=\"nofollow noopener\">Rink\u0113vi\u010ds pau\u017e atbalstu ANO reform\u0113\u0161anai, kas ir nepiecie\u0161ams m\u016bsdienu realit\u0101tes atspogu\u013co\u0161anai<\/a>&nbsp;&nbsp;TVNET<\/li>\n<li><a href=\"https:\/\/news.google.com\/rss\/articles\/CBMiyAFBVV95cUxQVTB6Wnd5bEVvUG1TQW5mRFRpWlJVU0lIWUZjeTBKM1ZjT1BIcXRhTUhWeGx4OUt2aVE3XzkyZm1OWkZtaTRnLS1RYzRUUGNFektreTlWSDFtYk04M2JUZ0ljQzc3TFZpV2gwdDNTdC05Uk95XzBMT0JjNkpJbER4WFI5RGV5OFdqTWlvQ3VtaTlsVlZaSlNWaTA1dl9GTFV5QXhCcWQ0Y1l0Q0I2dmlfZ2pyNkQySk5kbEFMc2lIR2RhME9fcXBSNQ?oc=5\" target=\"_blank\" rel=\"nofollow noopener\">Edgars Rink\u0113vi\u010ds: Davos\u0101 notiks temperat\u016bras m\u0113r\u012b\u0161ana pasaules att\u012bst\u012bbas klimatam<\/a>&nbsp;&nbsp;NRA<\/li>\n<li><a href=\"https:\/\/news.google.com\/rss\/articles\/CBMiwgFBVV95cUxNeWJvUnA2UEczT1gzbkhIcHN5SzBKQy0tVzZUZlZLZ3oxOWFyLUpRZ1lsY29Kek9kaHFCQ0FMZ1l3TWgxWTVhMVZwbUN3MkxJbG8tUUVaOUZHZmd0VjBiWEZxdjZ1dGRiTFlxc0gyNVNybHRJTU5yOGdNTHpaTnBHYk5SV2g0N2tFYTV0RWdOcmpxQ21wcjY5VkJWS2o0VmVMMnpkaDl2MW8yWFN0M0FnUkluUEFvMEZSM04xVkQ1M1RoUQ?oc=5\" target=\"_blank\" rel=\"nofollow noopener\">ASV mudina Eiropu &#8220;dzi\u013ci ievilkt elpu&#8221; un izvair\u012bties no &#8220;refleks\u012bv\u0101m dusm\u0101m&#8221; Grenlandes jaut\u0101jum\u0101<\/a>&nbsp;&nbsp;Apollo.lv<\/li>\n<\/ol>\n","protected":false},"excerpt":{"rendered":"ASV mudina Eiropu izvair\u012bties no &#8220;refleks\u012bv\u0101m dusm\u0101m&#8221; Grenlandes jaut\u0101jum\u0101&nbsp;&nbsp;1188.lv Pasaules ekonomikas foruma Davos\u0101 uzman\u012bbas centr\u0101 Grenlande un transatlantisk\u0101s&hellip;\n","protected":false},"author":2,"featured_media":110093,"comment_status":"","ping_status":"","sticky":false,"template":"","format":"standard","meta":{"footnotes":""},"categories":[5],"tags":[129,960,23,28,29,32,33,22,30,31,35,39,38,36,37,34,40,20,26,27,961,962,24,25,21],"class_list":{"0":"post-110092","1":"post","2":"type-post","3":"status-publish","4":"format-standard","5":"has-post-thumbnail","7":"category-aktualitates","8":"tag-__typenameadvicekeyword","9":"tag-id1007","10":"tag-aktualitates","11":"tag-breaking-news","12":"tag-breakingnews","13":"tag-featured-news","14":"tag-featurednews","15":"tag-headlines","16":"tag-latest-news","17":"tag-latestnews","18":"tag-latvia","19":"tag-latvian","20":"tag-latviesu","21":"tag-latviesu-valoda","22":"tag-latviesuvaloda","23":"tag-latvija","24":"tag-lv","25":"tag-news","26":"tag-popularakas-zinas","27":"tag-popularakaszinas","28":"tag-slugdonalds-tramps","29":"tag-titledonalds-tramps","30":"tag-top-stories","31":"tag-topstories","32":"tag-zinas"},"share_on_mastodon":{"url":"https:\/\/pubeurope.com\/@lv\/115932734594323957","error":""},"_links":{"self":[{"href":"https:\/\/www.europesays.com\/lv\/wp-json\/wp\/v2\/posts\/110092","targetHints":{"allow":["GET"]}}],"collection":[{"href":"https:\/\/www.europesays.com\/lv\/wp-json\/wp\/v2\/posts"}],"about":[{"href":"https:\/\/www.europesays.com\/lv\/wp-json\/wp\/v2\/types\/post"}],"author":[{"embeddable":true,"href":"https:\/\/www.europesays.com\/lv\/wp-json\/wp\/v2\/users\/2"}],"replies":[{"embeddable":true,"href":"https:\/\/www.europesays.com\/lv\/wp-json\/wp\/v2\/comments?post=110092"}],"version-history":[{"count":0,"href":"https:\/\/www.europesays.com\/lv\/wp-json\/wp\/v2\/posts\/110092\/revisions"}],"wp:featuredmedia":[{"embeddable":true,"href":"https:\/\/www.europesays.com\/lv\/wp-json\/wp\/v2\/media\/110093"}],"wp:attachment":[{"href":"https:\/\/www.europesays.com\/lv\/wp-json\/wp\/v2\/media?parent=110092"}],"wp:term":[{"taxonomy":"category","embeddable":true,"href":"https:\/\/www.europesays.com\/lv\/wp-json\/wp\/v2\/categories?post=110092"},{"taxonomy":"post_tag","embeddable":true,"href":"https:\/\/www.europesays.com\/lv\/wp-json\/wp\/v2\/tags?post=110092"}],"curies":[{"name":"wp","href":"https:\/\/api.w.org\/{rel}","templated":true}]}}