{"id":110122,"date":"2026-01-21T11:36:07","date_gmt":"2026-01-21T11:36:07","guid":{"rendered":"https:\/\/www.europesays.com\/lv\/110122\/"},"modified":"2026-01-21T11:36:07","modified_gmt":"2026-01-21T11:36:07","slug":"tele2-un-tet-uzsak-sadarbibu-optiska-interneta-joma-dienas-bizness","status":"publish","type":"post","link":"https:\/\/www.europesays.com\/lv\/110122\/","title":{"rendered":"Tele2 un Tet uzs\u0101k sadarb\u012bbu optisk\u0101 interneta jom\u0101 :: Dienas Bizness"},"content":{"rendered":"<p class=\"text-font font-size--text-xlarge margin-3--bottom font-weight--bold padding-1--top\">Multipakalpojumu uz\u0146\u0113mums \u201cTele2\u201d sadarb\u012bb\u0101 ar tehnolo\u0123iju uz\u0146\u0113mumu \u201cTet\u201d turpm\u0101k saviem klientiem pied\u0101v\u0101s optisk\u0101 interneta pakalpojumus.<\/p>\n<p class=\"text-font font-size--text-xlarge margin-3--bottom\">Tas \u013caus gan \u201cTele2\u201d, gan \u201cTet\u201d stiprin\u0101t tirgus poz\u012bcijas k\u0101 daudznozaru digit\u0101lo pakalpojumu sniedz\u0113jiem, aptverot telekomunik\u0101ciju un mobilo sakaru, telev\u012bzijas, digit\u0101l\u0101s dro\u0161\u012bbas, apdro\u0161in\u0101\u0161anas un e-komercijas risin\u0101jumu.<\/p>\n<p class=\"text-font font-size--text-xlarge margin-3--bottom\">Pagaid\u0101m \u201cTele2\u201d sadarb\u012bb\u0101 ar \u201cTet\u201d optisko internetu pied\u0101v\u0101s tikai priv\u0101tperson\u0101m, savuk\u0101rt n\u0101kotn\u0113 to pl\u0101nots nodro\u0161in\u0101t ar\u012b biznesa klientiem.<\/p>\n<p class=\"text-font font-size--text-xlarge margin-3--bottom\">\u201cM\u0113s sekojam l\u012bdzi glob\u0101laj\u0101m tendenc\u0113m, kur arvien vair\u0101k mobilo sakaru operatoru nodro\u0161ina gan mobilo, gan optisko internetu, jo t\u0101 ir iesp\u0113ja sniegt klientiem liel\u0101ku pievienoto v\u0113rt\u012bbu. Ir klienti, kuriem atsevi\u0161\u0137u iemeslu d\u0113\u013c svar\u012bgs ir tie\u0161i optiskais internets, un m\u0113s ar\u012b vi\u0146iem to pied\u0101v\u0101sim. Turkl\u0101t starptautiski p\u0113t\u012bjumi un prakse r\u0101da, ka klienti, kuri mobilos un optiskos sakaru pakalpojumus izv\u0113las pie viena uz\u0146\u0113muma, ir apmierin\u0101t\u0101ki ar servisu un pakalpojumu kvalit\u0101ti,\u201d st\u0101sta \u201cTele2\u201d valdes priek\u0161s\u0113d\u0113t\u0101js Arnis Pried\u012btis.<\/p>\n<p class=\"text-font font-size--text-xlarge margin-3--bottom\">\u201cOptiskais internets \u0161odien noz\u012bm\u0113 \u0101trumu, dro\u0161\u012bbu un stabilit\u0101ti, kas ir kritiski svar\u012bgi gan m\u0101jsaimniec\u012bb\u0101m, gan uz\u0146\u0113mumiem. Sadarb\u012bba ar \u201cTele2\u201d \u013cauj mums efekt\u012bvi papla\u0161in\u0101t optisk\u0101 interneta izmanto\u0161anu vis\u0101 Latvij\u0101, vienlaikus klientiem nodro\u0161inot kvalitat\u012bvus un uzticamus savienojuma risin\u0101jumus. \u0160\u0101da partner\u012bba ir ar\u012b ilgtsp\u0113j\u012bgs solis digit\u0101l\u0101s infrastrukt\u016bras att\u012bst\u012bb\u0101 Latvij\u0101 un atbilst glob\u0101laj\u0101m telekomunik\u0101ciju nozares tendenc\u0113m,\u201d nor\u0101da \u201cTet\u201d valdes priek\u0161s\u0113d\u0113t\u0101js Uldis Tatar\u010duks.<\/p>\n<p class=\"text-font font-size--text-xlarge margin-3--bottom\">Sadarb\u012bba infrastrukt\u016bras jom\u0101 ir ierasta prakse pasaules telekomunik\u0101ciju tirg\u016b un sniedz ieguvumus gan klientiem, gan uz\u0146\u0113mumiem. Ar\u012b \u201cTele2\u201d jau iepriek\u0161 ir uzkr\u0101jis veiksm\u012bgu pieredzi \u0161\u0101da veida projektos, taj\u0101 skait\u0101 sadarbojoties ar \u201cTet\u201d mobil\u0101 interneta pakalpojumu snieg\u0161an\u0101.<\/p>\n<p class=\"text-font font-size--text-xlarge margin-3--bottom\">Optisko internetu \u201cTele2\u201d pied\u0101v\u0101, izmantojot sadarb\u012bbas partnera \u201cTet\u201d infrastrukt\u016bru. Augst\u0101s veiktsp\u0113jas dro\u0161ais optiskais internets ar datu p\u0101rraides \u0101trumu l\u012bdz 1000 Mbit\/s jau ir pieejams vismaz pusmiljonam m\u0101jsaimniec\u012bbu vis\u0101 Latvij\u0101.<\/p>\n","protected":false},"excerpt":{"rendered":"Multipakalpojumu uz\u0146\u0113mums \u201cTele2\u201d sadarb\u012bb\u0101 ar tehnolo\u0123iju uz\u0146\u0113mumu \u201cTet\u201d turpm\u0101k saviem klientiem pied\u0101v\u0101s optisk\u0101 interneta pakalpojumus. Tas \u013caus gan&hellip;\n","protected":false},"author":2,"featured_media":110123,"comment_status":"","ping_status":"","sticky":false,"template":"","format":"standard","meta":{"footnotes":""},"categories":[16],"tags":[869,77,870,76,867,35,39,38,36,37,34,871,868,40,21],"class_list":{"0":"post-110122","1":"post","2":"type-post","3":"status-publish","4":"format-standard","5":"has-post-thumbnail","7":"category-bizness","8":"tag-biznesa-zinas","9":"tag-bizness","10":"tag-bizness-latvija","11":"tag-business","12":"tag-dienas-zinas","13":"tag-latvia","14":"tag-latvian","15":"tag-latviesu","16":"tag-latviesu-valoda","17":"tag-latviesuvaloda","18":"tag-latvija","19":"tag-latvijas-biznesa-zinas","20":"tag-latvijas-zinas","21":"tag-lv","22":"tag-zinas"},"share_on_mastodon":{"url":"https:\/\/pubeurope.com\/@lv\/115932887969710771","error":""},"_links":{"self":[{"href":"https:\/\/www.europesays.com\/lv\/wp-json\/wp\/v2\/posts\/110122","targetHints":{"allow":["GET"]}}],"collection":[{"href":"https:\/\/www.europesays.com\/lv\/wp-json\/wp\/v2\/posts"}],"about":[{"href":"https:\/\/www.europesays.com\/lv\/wp-json\/wp\/v2\/types\/post"}],"author":[{"embeddable":true,"href":"https:\/\/www.europesays.com\/lv\/wp-json\/wp\/v2\/users\/2"}],"replies":[{"embeddable":true,"href":"https:\/\/www.europesays.com\/lv\/wp-json\/wp\/v2\/comments?post=110122"}],"version-history":[{"count":0,"href":"https:\/\/www.europesays.com\/lv\/wp-json\/wp\/v2\/posts\/110122\/revisions"}],"wp:featuredmedia":[{"embeddable":true,"href":"https:\/\/www.europesays.com\/lv\/wp-json\/wp\/v2\/media\/110123"}],"wp:attachment":[{"href":"https:\/\/www.europesays.com\/lv\/wp-json\/wp\/v2\/media?parent=110122"}],"wp:term":[{"taxonomy":"category","embeddable":true,"href":"https:\/\/www.europesays.com\/lv\/wp-json\/wp\/v2\/categories?post=110122"},{"taxonomy":"post_tag","embeddable":true,"href":"https:\/\/www.europesays.com\/lv\/wp-json\/wp\/v2\/tags?post=110122"}],"curies":[{"name":"wp","href":"https:\/\/api.w.org\/{rel}","templated":true}]}}