{"id":110155,"date":"2026-01-21T12:39:07","date_gmt":"2026-01-21T12:39:07","guid":{"rendered":"https:\/\/www.europesays.com\/lv\/110155\/"},"modified":"2026-01-21T12:39:07","modified_gmt":"2026-01-21T12:39:07","slug":"silina-respekte-mierinas-personigo-lemumu-aicinat-pieskirt-trampam-nobela-premiju","status":"publish","type":"post","link":"https:\/\/www.europesays.com\/lv\/110155\/","title":{"rendered":"Sili\u0146a respekt\u0113 Mieri\u0146as person\u012bgo l\u0113mumu aicin\u0101t pie\u0161\u0137irt Trampam Nobela pr\u0113miju"},"content":{"rendered":"<p>Mieri\u0146a premjeri par \u0161o l\u0113mumu esot inform\u0113jusi vakar. &#8220;Es respekt\u0113ju \u0161o vi\u0146as person\u012bgo l\u0113mumu,&#8221; nor\u0101d\u012bja Sili\u0146a.<\/p>\n<p>Jau v\u0113st\u012bts, ka Mieri\u0146a parakst\u012bjusi v\u0113stuli Nobela pr\u0113mijas komitejai, rosinot 2025. gada Miera pr\u0113miju pie\u0161\u0137irt Trampam, v\u0113sta izdevums &#8220;Ir&#8221;.<\/p>\n<p>&#8220;Ir&#8221; nor\u0101da, ka Mieri\u0146a parakst\u012bjusi Izra\u0113las un ASV parlamentu vad\u012bt\u0101ju inici\u0113tu v\u0113stuli Nobela komitejai, kur\u0101 tiek aicin\u0101ts pie\u0161\u0137irt Miera pr\u0113miju Trampam. Lai gan s\u0101kotn\u0113ji Mieri\u0146a apgalvojusi, ka paraksts bija tikai &#8220;izm\u0113\u0123in\u0101jums&#8221; un jaut\u0101jums v\u0113l j\u0101izrun\u0101 ar Latvijas \u0101rpolitikas veidot\u0101jiem, v\u0113l\u0101k vi\u0146a apstiprin\u0101jusi, ka parakst\u012bt\u0101 v\u0113stule jau nos\u016bt\u012bta Izra\u0113lai.<\/p>\n<p>L\u0113mums nav piln\u012bb\u0101 saska\u0146ots ar premjerministri, un Mieri\u0146a atzinusi, ka ar\u012b \u0101rlietu ministre pret to izturas kritiski, atz\u012bm\u0113 izdevums, p\u0113c kura v\u0113st\u012bt\u0101 v\u0113sta, ka v\u0113stul\u0113 Tramps slav\u0113ts k\u0101 &#8220;miera \u010dempions&#8221;, uzskaitot vair\u0101kus vi\u0146a administr\u0101cijas starptautiskos pan\u0101kumus.<\/p>\n<p>Parakst\u012b\u0161ana notikusi laik\u0101, kad Trampa pazi\u0146ojumi par iesp\u0113jamu Grenlandes aneksiju ir saasin\u0101ju\u0161i transatlantisko spriedzi. Mieri\u0146a Trampa r\u012bc\u012bbu aizst\u0101v, uzsverot vi\u0146a ieguld\u012bjumu Izra\u0113las un Eiropas dro\u0161\u012bb\u0101, k\u0101 ar\u012b Ukrainas sp\u0113ju aizst\u0101v\u0113t sevi. Grenlandes jaut\u0101jum\u0101 vi\u0146a dom\u0101, ka runa ir par Arktikas dro\u0161\u012bbu, nevis teritori\u0101l\u0101m amb\u012bcij\u0101m.<\/p>\n","protected":false},"excerpt":{"rendered":"Mieri\u0146a premjeri par \u0161o l\u0113mumu esot inform\u0113jusi vakar. &#8220;Es respekt\u0113ju \u0161o vi\u0146as person\u012bgo l\u0113mumu,&#8221; nor\u0101d\u012bja Sili\u0146a. Jau v\u0113st\u012bts,&hellip;\n","protected":false},"author":2,"featured_media":110156,"comment_status":"","ping_status":"","sticky":false,"template":"","format":"standard","meta":{"footnotes":""},"categories":[5],"tags":[23,28,29,3524,542,1249,32,33,22,30,31,35,39,38,36,37,34,40,20,26,27,141,24,25,21],"class_list":{"0":"post-110155","1":"post","2":"type-post","3":"status-publish","4":"format-standard","5":"has-post-thumbnail","7":"category-aktualitates","8":"tag-aktualitates","9":"tag-breaking-news","10":"tag-breakingnews","11":"tag-daiga-mierina","12":"tag-donalds-tramps","13":"tag-evika-silina","14":"tag-featured-news","15":"tag-featurednews","16":"tag-headlines","17":"tag-latest-news","18":"tag-latestnews","19":"tag-latvia","20":"tag-latvian","21":"tag-latviesu","22":"tag-latviesu-valoda","23":"tag-latviesuvaloda","24":"tag-latvija","25":"tag-lv","26":"tag-news","27":"tag-popularakas-zinas","28":"tag-popularakaszinas","29":"tag-saeima","30":"tag-top-stories","31":"tag-topstories","32":"tag-zinas"},"share_on_mastodon":{"url":"https:\/\/pubeurope.com\/@lv\/115933135935440007","error":""},"_links":{"self":[{"href":"https:\/\/www.europesays.com\/lv\/wp-json\/wp\/v2\/posts\/110155","targetHints":{"allow":["GET"]}}],"collection":[{"href":"https:\/\/www.europesays.com\/lv\/wp-json\/wp\/v2\/posts"}],"about":[{"href":"https:\/\/www.europesays.com\/lv\/wp-json\/wp\/v2\/types\/post"}],"author":[{"embeddable":true,"href":"https:\/\/www.europesays.com\/lv\/wp-json\/wp\/v2\/users\/2"}],"replies":[{"embeddable":true,"href":"https:\/\/www.europesays.com\/lv\/wp-json\/wp\/v2\/comments?post=110155"}],"version-history":[{"count":0,"href":"https:\/\/www.europesays.com\/lv\/wp-json\/wp\/v2\/posts\/110155\/revisions"}],"wp:featuredmedia":[{"embeddable":true,"href":"https:\/\/www.europesays.com\/lv\/wp-json\/wp\/v2\/media\/110156"}],"wp:attachment":[{"href":"https:\/\/www.europesays.com\/lv\/wp-json\/wp\/v2\/media?parent=110155"}],"wp:term":[{"taxonomy":"category","embeddable":true,"href":"https:\/\/www.europesays.com\/lv\/wp-json\/wp\/v2\/categories?post=110155"},{"taxonomy":"post_tag","embeddable":true,"href":"https:\/\/www.europesays.com\/lv\/wp-json\/wp\/v2\/tags?post=110155"}],"curies":[{"name":"wp","href":"https:\/\/api.w.org\/{rel}","templated":true}]}}