{"id":110171,"date":"2026-01-21T12:52:11","date_gmt":"2026-01-21T12:52:11","guid":{"rendered":"https:\/\/www.europesays.com\/lv\/110171\/"},"modified":"2026-01-21T12:52:11","modified_gmt":"2026-01-21T12:52:11","slug":"ekskluzivi-%e2%9f%a9-gaismu-maksliniece-bondarenko-atklaj-vai-gatava-tiesaties-ar-kairisu-pec-skandala-dailes-teatri-2","status":"publish","type":"post","link":"https:\/\/www.europesays.com\/lv\/110171\/","title":{"rendered":"EKSKLUZ\u012aVI \u27e9 Gaismu m\u0101ksliniece Bondarenko atkl\u0101j, vai gatava ties\u0101ties ar Kairi\u0161u p\u0113c skand\u0101la Dailes te\u0101tr\u012b"},"content":{"rendered":"<p>Raid\u012bjum\u0101 &#8221;Kult\u016br\u0161oks&#8221; gaismu m\u0101ksliniece J\u016blija Bondarenko past\u0101st\u012bja, ka Dailes te\u0101tra m\u0101kslinieciskais vad\u012bt\u0101js Viesturs Kairi\u0161s publiski kritiz\u0113jis vi\u0146as darbu Ziemassv\u0113tku koncertam &#8221;P\u0113k\u0161\u0146i gaism\u0101&#8221;. Tagad vi\u0146a prasa ofici\u0101lu atvaino\u0161anos par emocion\u0101lo vardarb\u012bbu, publisku pazemo\u0161anu un neprofesion\u0101lo attieksmi \u0123ener\u0101lm\u0113\u0123in\u0101juma laik\u0101.<\/p>\n","protected":false},"excerpt":{"rendered":"Raid\u012bjum\u0101 &#8221;Kult\u016br\u0161oks&#8221; gaismu m\u0101ksliniece J\u016blija Bondarenko past\u0101st\u012bja, ka Dailes te\u0101tra m\u0101kslinieciskais vad\u012bt\u0101js Viesturs Kairi\u0161s publiski kritiz\u0113jis vi\u0146as darbu&hellip;\n","protected":false},"author":2,"featured_media":110035,"comment_status":"","ping_status":"","sticky":false,"template":"","format":"standard","meta":{"footnotes":""},"categories":[19],"tags":[454,89,90,35,39,38,36,37,34,40,264,758,11571],"class_list":{"0":"post-110171","1":"post","2":"type-post","3":"status-publish","4":"format-standard","5":"has-post-thumbnail","7":"category-izklaide","8":"tag-dailes-teatris","9":"tag-entertainment","10":"tag-izklaide","11":"tag-latvia","12":"tag-latvian","13":"tag-latviesu","14":"tag-latviesu-valoda","15":"tag-latviesuvaloda","16":"tag-latvija","17":"tag-lv","18":"tag-skandals","19":"tag-tvnet-sejas","20":"tag-viesturs-kairiss"},"share_on_mastodon":{"url":"https:\/\/pubeurope.com\/@lv\/115933186796299922","error":""},"_links":{"self":[{"href":"https:\/\/www.europesays.com\/lv\/wp-json\/wp\/v2\/posts\/110171","targetHints":{"allow":["GET"]}}],"collection":[{"href":"https:\/\/www.europesays.com\/lv\/wp-json\/wp\/v2\/posts"}],"about":[{"href":"https:\/\/www.europesays.com\/lv\/wp-json\/wp\/v2\/types\/post"}],"author":[{"embeddable":true,"href":"https:\/\/www.europesays.com\/lv\/wp-json\/wp\/v2\/users\/2"}],"replies":[{"embeddable":true,"href":"https:\/\/www.europesays.com\/lv\/wp-json\/wp\/v2\/comments?post=110171"}],"version-history":[{"count":0,"href":"https:\/\/www.europesays.com\/lv\/wp-json\/wp\/v2\/posts\/110171\/revisions"}],"wp:featuredmedia":[{"embeddable":true,"href":"https:\/\/www.europesays.com\/lv\/wp-json\/wp\/v2\/media\/110035"}],"wp:attachment":[{"href":"https:\/\/www.europesays.com\/lv\/wp-json\/wp\/v2\/media?parent=110171"}],"wp:term":[{"taxonomy":"category","embeddable":true,"href":"https:\/\/www.europesays.com\/lv\/wp-json\/wp\/v2\/categories?post=110171"},{"taxonomy":"post_tag","embeddable":true,"href":"https:\/\/www.europesays.com\/lv\/wp-json\/wp\/v2\/tags?post=110171"}],"curies":[{"name":"wp","href":"https:\/\/api.w.org\/{rel}","templated":true}]}}