{"id":110179,"date":"2026-01-21T13:09:04","date_gmt":"2026-01-21T13:09:04","guid":{"rendered":"https:\/\/www.europesays.com\/lv\/110179\/"},"modified":"2026-01-21T13:09:04","modified_gmt":"2026-01-21T13:09:04","slug":"asv-mudina-eiropu-izvairities-no-refleksivam-dusmam-grenlandes-jautajuma-tvnet","status":"publish","type":"post","link":"https:\/\/www.europesays.com\/lv\/110179\/","title":{"rendered":"ASV mudina Eiropu izvair\u012bties no &quot;refleks\u012bv\u0101m dusm\u0101m&quot; Grenlandes jaut\u0101jum\u0101 &#8211; TVNET"},"content":{"rendered":"<ol>\n<li><a href=\"https:\/\/news.google.com\/rss\/articles\/CBMiowFBVV95cUxQN0xRdGZpLUZXaEUxWFU3c1lldjIxU01KSnV5bUpkcllkbUYyZDNsbFhyU21tWldjYTAyb25iWHp1YUJ0WVBlR2dGMm1YbkVncHVQY3NMVkZnX1VCY1JNN0FNVGE4UEwxc1VLSHA4ZTFhVUZ0TE9oQXM0TjBnUk5ZSTNIcWkyX3Z1X0RpbzFYQ1BKbzdFSVM1b1lReVhzY3RFdkRV?oc=5\" target=\"_blank\" rel=\"nofollow noopener\">ASV mudina Eiropu izvair\u012bties no &#8220;refleks\u012bv\u0101m dusm\u0101m&#8221; Grenlandes jaut\u0101jum\u0101<\/a>&nbsp;&nbsp;TVNET<\/li>\n<li><a href=\"https:\/\/news.google.com\/rss\/articles\/CBMi5gFBVV95cUxPTk1KcTk3TXlTbVRNU0pzcjlmdEhEVHZlMlN2SmlGMDl2U2Rab01MdUxYUExWTmF1UGkxallzQmlNcVFvNVE5R1ZuNDZSWHhHblBsaUxhdDRmM0FBVEtqcEdoOVYtckpyRmRyemIya3QxaHNObS1JeHlDNnRweEpiMkZMbTFhbmwtS0pmalNCQXpGa2IxcDJYVThIUjJZTnFxLVdlYUZqcGhIRWpHNmU2RDNwQmh2TjBRcHdNOFFDTmM0elVfeEIzZUh1NmY4U1Vnc2RpWU5SRlM2ZlBfY2RuSDRadWNuQQ?oc=5\" target=\"_blank\" rel=\"nofollow noopener\">Pasaules ekonomikas foruma Davos\u0101 uzman\u012bbas centr\u0101 Grenlande un transatlantisk\u0101s attiec\u012bbas<\/a>&nbsp;&nbsp;LSM<\/li>\n<li><a href=\"https:\/\/news.google.com\/rss\/articles\/CBMiyAFBVV95cUxQVTB6Wnd5bEVvUG1TQW5mRFRpWlJVU0lIWUZjeTBKM1ZjT1BIcXRhTUhWeGx4OUt2aVE3XzkyZm1OWkZtaTRnLS1RYzRUUGNFektreTlWSDFtYk04M2JUZ0ljQzc3TFZpV2gwdDNTdC05Uk95XzBMT0JjNkpJbER4WFI5RGV5OFdqTWlvQ3VtaTlsVlZaSlNWaTA1dl9GTFV5QXhCcWQ0Y1l0Q0I2dmlfZ2pyNkQySk5kbEFMc2lIR2RhME9fcXBSNQ?oc=5\" target=\"_blank\" rel=\"nofollow noopener\">Edgars Rink\u0113vi\u010ds: Davos\u0101 notiks temperat\u016bras m\u0113r\u012b\u0161ana pasaules att\u012bst\u012bbas klimatam<\/a>&nbsp;&nbsp;NRA<\/li>\n<li><a href=\"https:\/\/news.google.com\/rss\/articles\/CBMijwFBVV95cUxPclhxTHRRQjloa2NCdlpIRDhXMUktX041TmdyX2VpZmRldWp2TFdaSEVnWmc2TVJKcjZqWVF4SjRaYlpHZHNUTTh4ZDNjTkRFSXFSNk1ma2RwZHI0YkJIMmVfZlBuMVlSVHZucTNvMFJlS2xPSTd2VFFDQ2hCVUNXYVN3TURNV2Fyc3JKR3lhMA?oc=5\" target=\"_blank\" rel=\"nofollow noopener\">Davosa: satraukta Eiropa, brav\u016br\u012bgs Tramps un Makrons saulesbrill\u0113s &#8211;<\/a>&nbsp;&nbsp;BNN.LV<\/li>\n<li><a href=\"https:\/\/news.google.com\/rss\/articles\/CBMi1wFBVV95cUxPbUlDNnJ6c1dkTlExWk9BWHpMOWJGX3Z0eFBXS19UR19hVEk3eHFqNmhRSHZ1TS1zZ1ZnSEYtVDctM0g2YVloYTRDVnFxUjlIOW1BeDZtbGVPTWlZbXpOYS1OMDYybjBnTHlxZ1k1NVZSZDZNVnVEYlhXTndFV3l2VjVUS3NoOUU4aFZLRXZQZmZPajZmTVl2cTk4ODVOUUduOFRILWV3QkF6TmNrYmJ1Y2l3M1RSX1p5NnJSdk9TQW4zUVppRFpHb2N1YUlQRFJyUUViTXVQcw?oc=5\" target=\"_blank\" rel=\"nofollow noopener\">Valsts prezidents Davos\u0101 tiekas ar Mi\u010diganas gubernatori, ANO p\u0101rst\u0101vi un Ukrainas aizst\u0101vjiem<\/a>&nbsp;&nbsp;LV port\u0101ls<\/li>\n<\/ol>\n","protected":false},"excerpt":{"rendered":"ASV mudina Eiropu izvair\u012bties no &#8220;refleks\u012bv\u0101m dusm\u0101m&#8221; Grenlandes jaut\u0101jum\u0101&nbsp;&nbsp;TVNET Pasaules ekonomikas foruma Davos\u0101 uzman\u012bbas centr\u0101 Grenlande un transatlantisk\u0101s&hellip;\n","protected":false},"author":2,"featured_media":110180,"comment_status":"","ping_status":"","sticky":false,"template":"","format":"standard","meta":{"footnotes":""},"categories":[5],"tags":[23,292,28,29,514,32,33,20878,22,30,31,35,39,38,36,37,34,40,20,26,27,24,25,21],"class_list":{"0":"post-110179","1":"post","2":"type-post","3":"status-publish","4":"format-standard","5":"has-post-thumbnail","7":"category-aktualitates","8":"tag-aktualitates","9":"tag-asv","10":"tag-breaking-news","11":"tag-breakingnews","12":"tag-eiropas-savieniba","13":"tag-featured-news","14":"tag-featurednews","15":"tag-grenlande","16":"tag-headlines","17":"tag-latest-news","18":"tag-latestnews","19":"tag-latvia","20":"tag-latvian","21":"tag-latviesu","22":"tag-latviesu-valoda","23":"tag-latviesuvaloda","24":"tag-latvija","25":"tag-lv","26":"tag-news","27":"tag-popularakas-zinas","28":"tag-popularakaszinas","29":"tag-top-stories","30":"tag-topstories","31":"tag-zinas"},"share_on_mastodon":{"url":"https:\/\/pubeurope.com\/@lv\/115933253645634109","error":""},"_links":{"self":[{"href":"https:\/\/www.europesays.com\/lv\/wp-json\/wp\/v2\/posts\/110179","targetHints":{"allow":["GET"]}}],"collection":[{"href":"https:\/\/www.europesays.com\/lv\/wp-json\/wp\/v2\/posts"}],"about":[{"href":"https:\/\/www.europesays.com\/lv\/wp-json\/wp\/v2\/types\/post"}],"author":[{"embeddable":true,"href":"https:\/\/www.europesays.com\/lv\/wp-json\/wp\/v2\/users\/2"}],"replies":[{"embeddable":true,"href":"https:\/\/www.europesays.com\/lv\/wp-json\/wp\/v2\/comments?post=110179"}],"version-history":[{"count":0,"href":"https:\/\/www.europesays.com\/lv\/wp-json\/wp\/v2\/posts\/110179\/revisions"}],"wp:featuredmedia":[{"embeddable":true,"href":"https:\/\/www.europesays.com\/lv\/wp-json\/wp\/v2\/media\/110180"}],"wp:attachment":[{"href":"https:\/\/www.europesays.com\/lv\/wp-json\/wp\/v2\/media?parent=110179"}],"wp:term":[{"taxonomy":"category","embeddable":true,"href":"https:\/\/www.europesays.com\/lv\/wp-json\/wp\/v2\/categories?post=110179"},{"taxonomy":"post_tag","embeddable":true,"href":"https:\/\/www.europesays.com\/lv\/wp-json\/wp\/v2\/tags?post=110179"}],"curies":[{"name":"wp","href":"https:\/\/api.w.org\/{rel}","templated":true}]}}