{"id":110231,"date":"2026-01-21T14:00:08","date_gmt":"2026-01-21T14:00:08","guid":{"rendered":"https:\/\/www.europesays.com\/lv\/110231\/"},"modified":"2026-01-21T14:00:08","modified_gmt":"2026-01-21T14:00:08","slug":"balcia-valde-paplasinas-dienas-bizness","status":"publish","type":"post","link":"https:\/\/www.europesays.com\/lv\/110231\/","title":{"rendered":"Balcia valde papla\u0161in\u0101s :: Dienas Bizness"},"content":{"rendered":"<p class=\"text-font font-size--text-xlarge margin-3--bottom font-weight--bold padding-1--top\">Apdro\u0161in\u0101\u0161anas tehnolo\u0123iju uz\u0146\u0113muma Balcia valdes komand\u0101 notiku\u0161as izmai\u0146as \u2013 tai pievienojies Balcia Lietuvas fili\u0101les \u0123ener\u0101ldirektors Arturs Sen\u010denko (Artur Sen\u010denko).<\/p>\n<p class=\"text-font font-size--text-xlarge margin-3--bottom\">Jaunaj\u0101 amat\u0101 vi\u0146\u0161 koncentr\u0113sies uz inov\u0101ciju ievie\u0161anu apdro\u0161in\u0101\u0161anas atl\u012bdz\u012bbu proces\u0101 Balcia grupas uz\u0146\u0113mumos Eirop\u0101 \u2013 strat\u0113\u0123iski noz\u012bm\u012bgu jomu, kas tie\u0161i ietekm\u0113 klientu uztic\u012bbu, darb\u012bbas efektivit\u0101ti un Balcia ilgtermi\u0146a konkur\u0113tsp\u0113ju.<\/p>\n<p class=\"text-font font-size--text-xlarge margin-3--bottom\">\u201cBalcia turpina att\u012bst\u012bties, t\u0101p\u0113c valdes papla\u0161in\u0101\u0161ana ir lo\u0123isks un praktisks solis ce\u013c\u0101 uz turpm\u0101ko izaugsmi. Tas atspogu\u013co m\u016bsu m\u0113rogu, starptautisko kl\u0101tb\u016btni un amb\u012bcijas m\u0113r\u0137tiec\u012bgi stiprin\u0101t kritisk\u0101s uz\u0146\u0113m\u0113jdarb\u012bbas jomas. Arturs l\u012bdz \u0161im ir sekm\u012bgi vad\u012bjis uz\u0146\u0113muma Lietuvas fili\u0101li un sasniedzis iev\u0113rojamus rezult\u0101tus, t\u0101p\u0113c esam gandar\u012bti, ka vi\u0146\u0161 ar savu pieredzi pievienojas vad\u012bbas komandai, kura p\u0101rrauga un virza visu Balcia Eiropas uz\u0146\u0113mumu att\u012bst\u012bbu,\u201d uzsver Balcia valdes priek\u0161s\u0113d\u0113t\u0101js J\u0101nis Lucaus.<\/p>\n<p class=\"text-font font-size--text-xlarge margin-3--bottom\">Jaunaj\u0101 amat\u0101 Arturs Sen\u010denko p\u0101rraudz\u012bs un vad\u012bs apdro\u0161in\u0101\u0161anas atl\u012bdz\u012bbu funkcijas att\u012bst\u012bbu vis\u0101 Balcia grup\u0101, kura \u0161obr\u012bd ir p\u0101rst\u0101v\u0113ta trij\u0101s Baltijas valst\u012bs, Polij\u0101, V\u0101cij\u0101, Francij\u0101 un It\u0101lij\u0101. Vi\u0146a atbild\u012bb\u0101 b\u016bs strat\u0113\u0123iska grupas l\u012bme\u0146a atl\u012bdz\u012bbu izmaksu procesu pilnveide, starpvalstu iniciat\u012bvu koordin\u0113\u0161ana, k\u0101 ar\u012b grupas inov\u0101ciju strat\u0113\u0123ijas izstr\u0101de atl\u012bdz\u012bbu jom\u0101 un ievie\u0161ana cie\u0161\u0101 sadarb\u012bb\u0101 ar valstu komand\u0101m. \u012apa\u0161a uzman\u012bba tiks piev\u0113rsta automatiz\u0101cijas iniciat\u012bv\u0101m, lai pa\u0101trin\u0101tu atl\u012bdz\u012bbu izmaksu apstr\u0101di, paaugstin\u0101tu precizit\u0101ti un uzlabotu klientu pieredzi.<\/p>\n<p class=\"text-font font-size--text-xlarge margin-3--bottom\">Noz\u012bm\u012bga Artura loma b\u016bs digit\u0101lo kan\u0101lu pilnveid\u0113, \u012bpa\u0161i koncentr\u0113joties uz klientu pieredzi atl\u012bdz\u012bbu jom\u0101 tie\u0161i mobilaj\u0101 aplik\u0101cij\u0101 sadarb\u012bb\u0101 ar da\u017e\u0101diem \u0161\u012bs jomas ekspertiem, m\u0101ksl\u012bg\u0101 intelekta nozares jaunuz\u0146\u0113mumiem un citiem tehnolo\u0123iju tirgus sp\u0113l\u0113t\u0101jiem. K\u0101 viens no pirmajiem jaunin\u0101jumiem Sen\u010deko p\u0101rzi\u0146\u0101 minama jauna autoriz\u0101cijas pieeja Polijas mobil\u0101s aplik\u0101cijas versij\u0101, kas iev\u0113rojami uzlabos klientu pieredzi.<\/p>\n<p class=\"text-font font-size--text-xlarge margin-3--bottom\">\u201cMan \u0161is ir b\u016btisks profesion\u0101ls solis un uztic\u012bbas apliecin\u0101jums. Balcia ir uz\u0146\u0113mums ar skaidr\u0101m amb\u012bcij\u0101m, sp\u0113c\u012bgu komandu un drosmi ieviest p\u0101rmai\u0146as. Jaunaj\u0101 amat\u0101 redzu iesp\u0113ju veidot v\u0113l vienot\u0101ku, efekt\u012bv\u0101ku un m\u016bsdien\u012bg\u0101ku atl\u012bdz\u012bbu izmaksu pieeju vis\u0101 grup\u0101, vienlaikus saglab\u0101jot fokusu uz klienta pieredzi. Augstu nov\u0113rt\u0113ju akcion\u0101ru un kol\u0113\u0123u uztic\u012bbu un esmu motiv\u0113ts \u0161o atbild\u012bbu p\u0101rv\u0113rst ilgtsp\u0113j\u012bg\u0101 rezult\u0101t\u0101,\u201d nor\u0101da Arturs Sen\u010denko.<\/p>\n<p class=\"text-font font-size--text-xlarge margin-3--bottom\">Artura kandidat\u016bra ir sa\u0146\u0113musi Balcia akcion\u0101ru atbalstu, sa\u0146emta ir ar\u012b ofici\u0101la at\u013cauja no Latvijas Bankas, l\u012bdz ar to Sen\u010denko pilnvaras st\u0101ju\u0161\u0101s sp\u0113k\u0101 piln\u0101 apm\u0113r\u0101. Vienlaikus Arturs turpin\u0101s darbu ar\u012b Balcia Lietuvas fili\u0101l\u0113.<\/p>\n<p class=\"text-font font-size--text-xlarge margin-3--bottom\">Darbu Balcia vald\u0113 turpina valdes priek\u0161s\u0113d\u0113t\u0101js J\u0101nis Lucaus, k\u0101 ar\u012b valdes locek\u013ci Eleonora Zelmene, Ilgvars Girgensons un Laura Krasti\u0146a. Katrs no vi\u0146iem ar\u012b turpm\u0101k vad\u012bs savu atbild\u012bbas jomu, nodro\u0161inot nep\u0101rtraukt\u012bbu un l\u012bdzsvarotu uz\u0146\u0113muma att\u012bst\u012bbu.<\/p>\n","protected":false},"excerpt":{"rendered":"Apdro\u0161in\u0101\u0161anas tehnolo\u0123iju uz\u0146\u0113muma Balcia valdes komand\u0101 notiku\u0161as izmai\u0146as \u2013 tai pievienojies Balcia Lietuvas fili\u0101les \u0123ener\u0101ldirektors Arturs Sen\u010denko (Artur&hellip;\n","protected":false},"author":2,"featured_media":110232,"comment_status":"","ping_status":"","sticky":false,"template":"","format":"standard","meta":{"footnotes":""},"categories":[16],"tags":[869,77,870,76,867,35,39,38,36,37,34,871,868,40,21],"class_list":{"0":"post-110231","1":"post","2":"type-post","3":"status-publish","4":"format-standard","5":"has-post-thumbnail","7":"category-bizness","8":"tag-biznesa-zinas","9":"tag-bizness","10":"tag-bizness-latvija","11":"tag-business","12":"tag-dienas-zinas","13":"tag-latvia","14":"tag-latvian","15":"tag-latviesu","16":"tag-latviesu-valoda","17":"tag-latviesuvaloda","18":"tag-latvija","19":"tag-latvijas-biznesa-zinas","20":"tag-latvijas-zinas","21":"tag-lv","22":"tag-zinas"},"share_on_mastodon":{"url":"https:\/\/pubeurope.com\/@lv\/115933454276172221","error":""},"_links":{"self":[{"href":"https:\/\/www.europesays.com\/lv\/wp-json\/wp\/v2\/posts\/110231","targetHints":{"allow":["GET"]}}],"collection":[{"href":"https:\/\/www.europesays.com\/lv\/wp-json\/wp\/v2\/posts"}],"about":[{"href":"https:\/\/www.europesays.com\/lv\/wp-json\/wp\/v2\/types\/post"}],"author":[{"embeddable":true,"href":"https:\/\/www.europesays.com\/lv\/wp-json\/wp\/v2\/users\/2"}],"replies":[{"embeddable":true,"href":"https:\/\/www.europesays.com\/lv\/wp-json\/wp\/v2\/comments?post=110231"}],"version-history":[{"count":0,"href":"https:\/\/www.europesays.com\/lv\/wp-json\/wp\/v2\/posts\/110231\/revisions"}],"wp:featuredmedia":[{"embeddable":true,"href":"https:\/\/www.europesays.com\/lv\/wp-json\/wp\/v2\/media\/110232"}],"wp:attachment":[{"href":"https:\/\/www.europesays.com\/lv\/wp-json\/wp\/v2\/media?parent=110231"}],"wp:term":[{"taxonomy":"category","embeddable":true,"href":"https:\/\/www.europesays.com\/lv\/wp-json\/wp\/v2\/categories?post=110231"},{"taxonomy":"post_tag","embeddable":true,"href":"https:\/\/www.europesays.com\/lv\/wp-json\/wp\/v2\/tags?post=110231"}],"curies":[{"name":"wp","href":"https:\/\/api.w.org\/{rel}","templated":true}]}}