{"id":110315,"date":"2026-01-21T15:40:08","date_gmt":"2026-01-21T15:40:08","guid":{"rendered":"https:\/\/www.europesays.com\/lv\/110315\/"},"modified":"2026-01-21T15:40:08","modified_gmt":"2026-01-21T15:40:08","slug":"31-i-fotografu-un-foto-entuziastu-pleners-carnikava","status":"publish","type":"post","link":"https:\/\/www.europesays.com\/lv\/110315\/","title":{"rendered":"31.I Fotogr\u0101fu un foto entuziastu plen\u0113rs Carnikav\u0101"},"content":{"rendered":"<p>31.janv\u0101r\u012b plkst.12.00 Carnikavas Novadpetniec\u012bbas centr\u0101 Oj\u0101ra Jansona izst\u0101des ietvaros notiks fotogr\u0101fu un foto entuziastu plen\u0113rs. K\u0101di att\u0113li veido m\u016bsu sapratni un izv\u0113les? K\u0101dus att\u0113lus veidojam pa\u0161i? Ar k\u0101diem att\u0113liem dal\u0101mies un st\u0101st\u0101m par sev svar\u012bgiem mirk\u013ciem citiem? K\u0101du veidojam vizu\u0101lo vidi, kur\u0101 aug n\u0101kotnes latvie\u0161i? Kuri ir tie att\u0113li, kurus saglab\u0101jam un kurus nepublic\u0113jam? Satiekoties fotogr\u0101fijas rad\u012bt\u0101jiem un fotogr\u0101fijas arhiv\u0113t\u0101jiem, iesp\u0113jams, varam atrast kop\u0113jos virzienus, kas b\u016btu akcent\u0113jami un b\u016btiski ne tikai \u0161odien, bet ar\u012b n\u0101kotn\u0113. K\u0101du fotogr\u0101fiju m\u0113s redzam \u0161odien? Un k\u0101du redz\u0113sim n\u0101kotn\u0113?<\/p>\n","protected":false},"excerpt":{"rendered":"31.janv\u0101r\u012b plkst.12.00 Carnikavas Novadpetniec\u012bbas centr\u0101 Oj\u0101ra Jansona izst\u0101des ietvaros notiks fotogr\u0101fu un foto entuziastu plen\u0113rs. K\u0101di att\u0113li veido&hellip;\n","protected":false},"author":2,"featured_media":110316,"comment_status":"","ping_status":"","sticky":false,"template":"","format":"standard","meta":{"footnotes":""},"categories":[19],"tags":[47,89,90,381,64,35,39,38,36,37,34,40,385,172,382,384,383,21],"class_list":{"0":"post-110315","1":"post","2":"type-post","3":"status-publish","4":"format-standard","5":"has-post-thumbnail","7":"category-izklaide","8":"tag-ekonomika","9":"tag-entertainment","10":"tag-izklaide","11":"tag-jaunumi","12":"tag-kultura","13":"tag-latvia","14":"tag-latvian","15":"tag-latviesu","16":"tag-latviesu-valoda","17":"tag-latviesuvaloda","18":"tag-latvija","19":"tag-lv","20":"tag-pieriga","21":"tag-riga","22":"tag-sabiedriba","23":"tag-sludinajumi","24":"tag-sports-afisa","25":"tag-zinas"},"share_on_mastodon":{"url":"https:\/\/pubeurope.com\/@lv\/115933847361572835","error":""},"_links":{"self":[{"href":"https:\/\/www.europesays.com\/lv\/wp-json\/wp\/v2\/posts\/110315","targetHints":{"allow":["GET"]}}],"collection":[{"href":"https:\/\/www.europesays.com\/lv\/wp-json\/wp\/v2\/posts"}],"about":[{"href":"https:\/\/www.europesays.com\/lv\/wp-json\/wp\/v2\/types\/post"}],"author":[{"embeddable":true,"href":"https:\/\/www.europesays.com\/lv\/wp-json\/wp\/v2\/users\/2"}],"replies":[{"embeddable":true,"href":"https:\/\/www.europesays.com\/lv\/wp-json\/wp\/v2\/comments?post=110315"}],"version-history":[{"count":0,"href":"https:\/\/www.europesays.com\/lv\/wp-json\/wp\/v2\/posts\/110315\/revisions"}],"wp:featuredmedia":[{"embeddable":true,"href":"https:\/\/www.europesays.com\/lv\/wp-json\/wp\/v2\/media\/110316"}],"wp:attachment":[{"href":"https:\/\/www.europesays.com\/lv\/wp-json\/wp\/v2\/media?parent=110315"}],"wp:term":[{"taxonomy":"category","embeddable":true,"href":"https:\/\/www.europesays.com\/lv\/wp-json\/wp\/v2\/categories?post=110315"},{"taxonomy":"post_tag","embeddable":true,"href":"https:\/\/www.europesays.com\/lv\/wp-json\/wp\/v2\/tags?post=110315"}],"curies":[{"name":"wp","href":"https:\/\/api.w.org\/{rel}","templated":true}]}}