{"id":110327,"date":"2026-01-21T15:56:29","date_gmt":"2026-01-21T15:56:29","guid":{"rendered":"https:\/\/www.europesays.com\/lv\/110327\/"},"modified":"2026-01-21T15:56:29","modified_gmt":"2026-01-21T15:56:29","slug":"bargais-sals-saglabasies-lidz-janvara-beigam","status":"publish","type":"post","link":"https:\/\/www.europesays.com\/lv\/110327\/","title":{"rendered":"Bargais sals saglab\u0101sies l\u012bdz janv\u0101ra beig\u0101m"},"content":{"rendered":"<p>22. janv\u0101ris b\u016bs \u0161\u012bs ned\u0113\u013cas silt\u0101k\u0101 diennakts, gaisa temperat\u016bra paaugstin\u0101sies l\u012bdz -2..-8 gr\u0101diem, bet p\u016bt\u012bs m\u0113reni stiprs austrumu v\u0113j\u0161, kas rad\u012bs saj\u016btu, ka gaiss ir aukst\u0101ks. Viet\u0101m nedaudz snigs, v\u0113j\u0161 \u0161ur tur putin\u0101s veco sniegu &#8211; gaid\u0101ms sniegvilksnis.<\/p>\n<p>Turpm\u0101kaj\u0101s dien\u0101s gaisa temperat\u016bra pak\u0101peniski pazemin\u0101sies, sv\u0113tdienas r\u012bt\u0101 daudzviet valst\u012b, \u012bpa\u0161i Latgal\u0113 un Vidzem\u0113, t\u0101 var nosl\u012bd\u0113t zem -20 gr\u0101diem. Ar\u012b n\u0101kamned\u0113\u013c sals br\u012b\u017eiem var p\u0101rsniegt 20 gr\u0101dus.<\/p>\n<p>M\u0101ko\u0146u daudzums b\u016bs main\u012bgs, palaikam gaid\u0101ms neliels sniegs, v\u0113j\u0161 l\u0113ni l\u012bdz m\u0113reni p\u016bt\u012bs no austrumu puses.<\/p>\n<p>Pa\u0161reiz\u0113j\u0101s prognozes febru\u0101ra s\u0101kumam r\u0101da gan liela aukstuma, gan neliela atku\u0161\u0146a iesp\u0113jam\u012bbu. Sagaid\u0101ms, ka febru\u0101ris kopum\u0101 b\u016bs v\u0113s\u0101ks par normu.<\/p>\n","protected":false},"excerpt":{"rendered":"22. janv\u0101ris b\u016bs \u0161\u012bs ned\u0113\u013cas silt\u0101k\u0101 diennakts, gaisa temperat\u016bra paaugstin\u0101sies l\u012bdz -2..-8 gr\u0101diem, bet p\u016bt\u012bs m\u0113reni stiprs austrumu&hellip;\n","protected":false},"author":2,"featured_media":110328,"comment_status":"","ping_status":"","sticky":false,"template":"","format":"standard","meta":{"footnotes":""},"categories":[12],"tags":[23,28,29,32,33,22,396,30,31,35,39,38,36,37,34,40,20,26,27,24,25,21],"class_list":{"0":"post-110327","1":"post","2":"type-post","3":"status-publish","4":"format-standard","5":"has-post-thumbnail","7":"category-latvija","8":"tag-aktualitates","9":"tag-breaking-news","10":"tag-breakingnews","11":"tag-featured-news","12":"tag-featurednews","13":"tag-headlines","14":"tag-laika-zinas","15":"tag-latest-news","16":"tag-latestnews","17":"tag-latvia","18":"tag-latvian","19":"tag-latviesu","20":"tag-latviesu-valoda","21":"tag-latviesuvaloda","22":"tag-latvija","23":"tag-lv","24":"tag-news","25":"tag-popularakas-zinas","26":"tag-popularakaszinas","27":"tag-top-stories","28":"tag-topstories","29":"tag-zinas"},"share_on_mastodon":{"url":"https:\/\/pubeurope.com\/@lv\/115933910300597204","error":""},"_links":{"self":[{"href":"https:\/\/www.europesays.com\/lv\/wp-json\/wp\/v2\/posts\/110327","targetHints":{"allow":["GET"]}}],"collection":[{"href":"https:\/\/www.europesays.com\/lv\/wp-json\/wp\/v2\/posts"}],"about":[{"href":"https:\/\/www.europesays.com\/lv\/wp-json\/wp\/v2\/types\/post"}],"author":[{"embeddable":true,"href":"https:\/\/www.europesays.com\/lv\/wp-json\/wp\/v2\/users\/2"}],"replies":[{"embeddable":true,"href":"https:\/\/www.europesays.com\/lv\/wp-json\/wp\/v2\/comments?post=110327"}],"version-history":[{"count":0,"href":"https:\/\/www.europesays.com\/lv\/wp-json\/wp\/v2\/posts\/110327\/revisions"}],"wp:featuredmedia":[{"embeddable":true,"href":"https:\/\/www.europesays.com\/lv\/wp-json\/wp\/v2\/media\/110328"}],"wp:attachment":[{"href":"https:\/\/www.europesays.com\/lv\/wp-json\/wp\/v2\/media?parent=110327"}],"wp:term":[{"taxonomy":"category","embeddable":true,"href":"https:\/\/www.europesays.com\/lv\/wp-json\/wp\/v2\/categories?post=110327"},{"taxonomy":"post_tag","embeddable":true,"href":"https:\/\/www.europesays.com\/lv\/wp-json\/wp\/v2\/tags?post=110327"}],"curies":[{"name":"wp","href":"https:\/\/api.w.org\/{rel}","templated":true}]}}