{"id":110349,"date":"2026-01-21T16:28:05","date_gmt":"2026-01-21T16:28:05","guid":{"rendered":"https:\/\/www.europesays.com\/lv\/110349\/"},"modified":"2026-01-21T16:28:05","modified_gmt":"2026-01-21T16:28:05","slug":"31-i-pidzamballites-kino-seanss-200-vilks-malpili","status":"publish","type":"post","link":"https:\/\/www.europesays.com\/lv\/110349\/","title":{"rendered":"31.I Pid\u017eamball\u012btes kino seanss &#8220;200% vilks&#8221; M\u0101lpil\u012b"},"content":{"rendered":"<p>31.janv\u0101r\u012b plkst.18.00 M\u0101lpils Kult\u016bras centra mazaj\u0101 z\u0101l\u0113 paredz\u0113ts omul\u012bgais pid\u017eamball\u012btes kino seanss \u2013 anim\u0101cijas piedz\u012bvojumu filma &#8220;200% vilks&#8221;. Kad Fredija Lupina aplam\u0101 v\u0113l\u0113\u0161an\u0101s p\u0101rv\u0113r\u0161 vi\u0146u par vilkaci un atg\u0101d\u0101 uz Zemes palaidn\u012bgu M\u0113ness feju, Fredijam j\u0101uz\u0146emas uzdevums atjaunot kosmisko k\u0101rt\u012bbu, pirms Zeme un M\u0113ness saduras&#8230;<\/p>\n<p>L\u012bdzi var \u0146emt spilvenu, segu un mugur\u0101 vilkt pid\u017eamu, bet nav oblig\u0101ti.<\/p>\n","protected":false},"excerpt":{"rendered":"31.janv\u0101r\u012b plkst.18.00 M\u0101lpils Kult\u016bras centra mazaj\u0101 z\u0101l\u0113 paredz\u0113ts omul\u012bgais pid\u017eamball\u012btes kino seanss \u2013 anim\u0101cijas piedz\u012bvojumu filma &#8220;200% vilks&#8221;.&hellip;\n","protected":false},"author":2,"featured_media":110350,"comment_status":"","ping_status":"","sticky":false,"template":"","format":"standard","meta":{"footnotes":""},"categories":[19],"tags":[47,89,90,381,64,35,39,38,36,37,34,40,385,172,382,384,383,21],"class_list":{"0":"post-110349","1":"post","2":"type-post","3":"status-publish","4":"format-standard","5":"has-post-thumbnail","7":"category-izklaide","8":"tag-ekonomika","9":"tag-entertainment","10":"tag-izklaide","11":"tag-jaunumi","12":"tag-kultura","13":"tag-latvia","14":"tag-latvian","15":"tag-latviesu","16":"tag-latviesu-valoda","17":"tag-latviesuvaloda","18":"tag-latvija","19":"tag-lv","20":"tag-pieriga","21":"tag-riga","22":"tag-sabiedriba","23":"tag-sludinajumi","24":"tag-sports-afisa","25":"tag-zinas"},"share_on_mastodon":{"url":"https:\/\/pubeurope.com\/@lv\/115934036191719059","error":""},"_links":{"self":[{"href":"https:\/\/www.europesays.com\/lv\/wp-json\/wp\/v2\/posts\/110349","targetHints":{"allow":["GET"]}}],"collection":[{"href":"https:\/\/www.europesays.com\/lv\/wp-json\/wp\/v2\/posts"}],"about":[{"href":"https:\/\/www.europesays.com\/lv\/wp-json\/wp\/v2\/types\/post"}],"author":[{"embeddable":true,"href":"https:\/\/www.europesays.com\/lv\/wp-json\/wp\/v2\/users\/2"}],"replies":[{"embeddable":true,"href":"https:\/\/www.europesays.com\/lv\/wp-json\/wp\/v2\/comments?post=110349"}],"version-history":[{"count":0,"href":"https:\/\/www.europesays.com\/lv\/wp-json\/wp\/v2\/posts\/110349\/revisions"}],"wp:featuredmedia":[{"embeddable":true,"href":"https:\/\/www.europesays.com\/lv\/wp-json\/wp\/v2\/media\/110350"}],"wp:attachment":[{"href":"https:\/\/www.europesays.com\/lv\/wp-json\/wp\/v2\/media?parent=110349"}],"wp:term":[{"taxonomy":"category","embeddable":true,"href":"https:\/\/www.europesays.com\/lv\/wp-json\/wp\/v2\/categories?post=110349"},{"taxonomy":"post_tag","embeddable":true,"href":"https:\/\/www.europesays.com\/lv\/wp-json\/wp\/v2\/tags?post=110349"}],"curies":[{"name":"wp","href":"https:\/\/api.w.org\/{rel}","templated":true}]}}