{"id":110354,"date":"2026-01-21T16:35:16","date_gmt":"2026-01-21T16:35:16","guid":{"rendered":"https:\/\/www.europesays.com\/lv\/110354\/"},"modified":"2026-01-21T16:35:16","modified_gmt":"2026-01-21T16:35:16","slug":"deniss-vasiljevs-eiropas-cempionata-dailslidosana-izcina-9-vietu-priecigs-par-paveikto-lente-lv","status":"publish","type":"post","link":"https:\/\/www.europesays.com\/lv\/110354\/","title":{"rendered":"Deniss Vasi\u013cjevs Eiropas \u010dempion\u0101t\u0101 dai\u013cslido\u0161an\u0101 izc\u012bna 9. vietu; priec\u012bgs par paveikto\u00a0\u2014\u00a0Lente.lv"},"content":{"rendered":"<p>Vasi\u013cjevs nodro\u0161ina 9. vietu Eiropas \u010dempion\u0101t\u0101<\/p>\n<p>\u0160ef\u012bld\u0101, Lielbrit\u0101nij\u0101, nosl\u0113dzies Eiropas \u010dempion\u0101ts dai\u013cslido\u0161an\u0101 v\u012brie\u0161iem, kur\u0101 Latvijas vado\u0161ais sportists Deniss Vasi\u013cjevs kopv\u0113rt\u0113jum\u0101 ieguva dev\u012bto vietu. Vi\u0146a summ\u0101lais rezult\u0101ts bija 227.51 punkti, ko veidoja 77.80 punkti \u012bsaj\u0101 programm\u0101 un 149.71 punkti izv\u0113les (garaj\u0101) programm\u0101. Neskatoties uz nelielaj\u0101m izmai\u0146\u0101m programm\u0101 vesel\u012bbas sare\u017e\u0123\u012bjumu d\u0113\u013c, Vasi\u013cjevs pauda gandar\u012bjumu par savu sniegumu sacens\u012bb\u0101s, atz\u012bstot: &#8220;Viss var\u0113ja izv\u0113rties slikti, ta\u010du tiku cauri un esmu laim\u012bgs.&#8221;<\/p>\n<p>Sp\u0113c\u012bga konkurence un sasniegumi<\/p>\n<p>Sacens\u012bb\u0101s p\u0101rliecino\u0161i uzvar\u0113ja Gruzijas sportists Nika Egadze, kur\u0161 bija nep\u0101rsp\u0113ts gan \u012bsaj\u0101, gan garaj\u0101 programm\u0101, summ\u0101 sakr\u0101jot 273.00 punktus. Otr\u0101 vieta tika it\u0101lietim Mateo Rico (256.37 punkti), bet bronzas meda\u013cu izc\u012bn\u012bja Georgijs Re\u0161tenko no \u010cehijas (238.27 punkti). Lai gan Igaunijas br\u0101\u013ci Aleksandrs un Mihails Selevko p\u0113c \u012bs\u0101s programmas atrad\u0101s godalgoto vietu tuvum\u0101, izv\u0113les programm\u0101 vi\u0146i zaud\u0113ja poz\u012bcijas, ie\u0146emot attiec\u012bgi piekto un sesto vietu.<\/p>\n<p>Latvijas p\u0101rst\u0101vja sniegums un karjeras atskats<\/p>\n<p>Deniss Vasi\u013cjevs, kur\u0161 \u0161aj\u0101 Eiropas \u010dempion\u0101t\u0101 piedal\u012bj\u0101s desmito reizi, demonstr\u0113ja emocion\u0101lu un tehniski sp\u0113c\u012bgu slidojumu, sa\u0146emot ov\u0101cijas no skat\u012bt\u0101jiem, kuri z\u0101l\u0113 bija izk\u0101ru\u0161i Latvijas karogus. Lai gan vi\u0146a rezult\u0101ts nedaudz atpalika no sezonas lab\u0101k\u0101 personisk\u0101 rekorda (79.00 punkti), Vasi\u013cjevs kop\u0101 ar savu ilggad\u0113jo treneri Stefanu Lambj\u0113lu ir apmierin\u0101ts ar paveikto. Vasi\u013cjeva karjeras spo\u017e\u0101kais sasniegums ir 2022. gada Eiropas \u010dempion\u0101ta bronzas meda\u013ca, kas ir vien\u012bg\u0101 Latvijas godalga kontinenta meistarsac\u012bkst\u0113s. Vi\u0146\u0161 ir ar\u012b divk\u0101rt\u0113js olimpietis.<\/p>\n<p>Fedirs Ku\u013ci\u0161s ie\u0146em 15. vietu<\/p>\n<p>Otrs Latvijas p\u0101rst\u0101vis \u0161aj\u0101s sacens\u012bb\u0101s, Fedirs Ku\u013ci\u0161s, kopv\u0113rt\u0113jum\u0101 ierindoj\u0101s 15. viet\u0101 ar 201.22 punktiem. Lai gan vi\u0146\u0161 demonstr\u0113ja lielisku gar\u0101s programmas s\u0101kumu, ieskaitot divus \u010detrk\u0101r\u0161us l\u0113cienus, kop\u0113jais rezult\u0101ts bija par vienu vietu zem\u0101ks nek\u0101 iepriek\u0161\u0113j\u0101 gad\u0101. Ku\u013ci\u0161s, kur\u0161 nesen ieguvis Latvijas pilson\u012bbu, sacens\u012bbas uzskata par sava veida sezonas s\u0101kumu, un vi\u0146\u0161 pl\u0101no piedal\u012bties v\u0113l divos turn\u012bros pirms 2026. gada olimpiskaj\u0101m sp\u0113l\u0113m.<\/p>\n<p>Latvijas dai\u013cslido\u0161anas perspekt\u012bvas<\/p>\n<p>Eiropas \u010dempion\u0101ts \u0160ef\u012bld\u0101 kalpoja k\u0101 noz\u012bm\u012bgs notikums, gatavojoties gaid\u0101maj\u0101m olimpiskaj\u0101m sp\u0113l\u0113m. Vasi\u013cjeva un Ku\u013ci\u0161a dal\u012bba un sniegums nor\u0101da uz Latvijas dai\u013cslido\u0161anas potenci\u0101lu. Deniss Vasi\u013cjevs ir izteicis v\u0113lmi ar savu pieredzi pal\u012bdz\u0113t n\u0101kamaj\u0101m paaudz\u0113m dai\u013cslidot\u0101ju Latvij\u0101, uzsverot sporta noz\u012bmi k\u0101 dz\u012bvesveidu, ne tikai k\u0101 veidu, k\u0101 g\u016bt punktus un uzvaras.<\/p>\n","protected":false},"excerpt":{"rendered":"Vasi\u013cjevs nodro\u0161ina 9. vietu Eiropas \u010dempion\u0101t\u0101 \u0160ef\u012bld\u0101, Lielbrit\u0101nij\u0101, nosl\u0113dzies Eiropas \u010dempion\u0101ts dai\u013cslido\u0161an\u0101 v\u012brie\u0161iem, kur\u0101 Latvijas vado\u0161ais sportists Deniss&hellip;\n","protected":false},"author":2,"featured_media":110355,"comment_status":"","ping_status":"","sticky":false,"template":"","format":"standard","meta":{"footnotes":""},"categories":[17],"tags":[1295,1294,25490,35,39,38,36,37,34,1716,40,26057,67],"class_list":{"0":"post-110354","1":"post","2":"type-post","3":"status-publish","4":"format-standard","5":"has-post-thumbnail","7":"category-sports","8":"tag-dailslidosana","9":"tag-deniss-vasiljevs","10":"tag-eiropas-cempionats-dailslidosana","11":"tag-latvia","12":"tag-latvian","13":"tag-latviesu","14":"tag-latviesu-valoda","15":"tag-latviesuvaloda","16":"tag-latvija","17":"tag-latvijas-sportisti","18":"tag-lv","19":"tag-sefilda-2026","20":"tag-sports"},"share_on_mastodon":{"url":"https:\/\/pubeurope.com\/@lv\/115934063690564407","error":""},"_links":{"self":[{"href":"https:\/\/www.europesays.com\/lv\/wp-json\/wp\/v2\/posts\/110354","targetHints":{"allow":["GET"]}}],"collection":[{"href":"https:\/\/www.europesays.com\/lv\/wp-json\/wp\/v2\/posts"}],"about":[{"href":"https:\/\/www.europesays.com\/lv\/wp-json\/wp\/v2\/types\/post"}],"author":[{"embeddable":true,"href":"https:\/\/www.europesays.com\/lv\/wp-json\/wp\/v2\/users\/2"}],"replies":[{"embeddable":true,"href":"https:\/\/www.europesays.com\/lv\/wp-json\/wp\/v2\/comments?post=110354"}],"version-history":[{"count":0,"href":"https:\/\/www.europesays.com\/lv\/wp-json\/wp\/v2\/posts\/110354\/revisions"}],"wp:featuredmedia":[{"embeddable":true,"href":"https:\/\/www.europesays.com\/lv\/wp-json\/wp\/v2\/media\/110355"}],"wp:attachment":[{"href":"https:\/\/www.europesays.com\/lv\/wp-json\/wp\/v2\/media?parent=110354"}],"wp:term":[{"taxonomy":"category","embeddable":true,"href":"https:\/\/www.europesays.com\/lv\/wp-json\/wp\/v2\/categories?post=110354"},{"taxonomy":"post_tag","embeddable":true,"href":"https:\/\/www.europesays.com\/lv\/wp-json\/wp\/v2\/tags?post=110354"}],"curies":[{"name":"wp","href":"https:\/\/api.w.org\/{rel}","templated":true}]}}