{"id":110372,"date":"2026-01-21T17:19:07","date_gmt":"2026-01-21T17:19:07","guid":{"rendered":"https:\/\/www.europesays.com\/lv\/110372\/"},"modified":"2026-01-21T17:19:07","modified_gmt":"2026-01-21T17:19:07","slug":"ta-ir-jarisina-eiropai-un-nato-nevis-mums","status":"publish","type":"post","link":"https:\/\/www.europesays.com\/lv\/110372\/","title":{"rendered":"T\u0101 ir j\u0101risina Eiropai un NATO, nevis mums"},"content":{"rendered":"<p>&#8220;Savienot\u0101s Valstis ir \u013coti t\u0101lu, m\u016bs \u0161\u0137ir liels, br\u012bni\u0161\u0137\u012bgs oke\u0101ns. Mums ar to nav nek\u0101da sakara,&#8221; nor\u0101d\u012bja Tramps.<\/p>\n<p>P\u0113c tam Tramps piebilda, ka \u0161odien pl\u0101no tikties ar Ukrainas prezidentu Volodimiru Zelenski. V\u0113l\u0101k vi\u0146\u0161 preciz\u0113ja, ka pl\u0101no tikties ar Zelenski ceturtdien, nevis tre\u0161dien.<\/p>\n<p>&#8220;Iesp\u0113jams, ka vi\u0146\u0161 \u0161obr\u012bd atrodas auditorij\u0101,&#8221; sac\u012bja Tramps.<\/p>\n<p>Tiesa, Zelenskis savu braucienu uz Davosu ir atc\u0113lis.<\/p>\n<p>\u0160op\u0113cpusdien Zelenskim bija tik\u0161an\u0101s par situ\u0101ciju Ukrainas ener\u0123\u0113tikas nozar\u0113, kas p\u0113d\u0113j\u0101 laik\u0101 pak\u013cauta \u012bpa\u0161i intens\u012bviem Krievijas karasp\u0113ka triecieniem.<\/p>\n<p>\u0160o triecienu d\u0113\u013c \u0161or\u012bt Kijiv\u0101 4000 m\u0101ju nebija apkures, un \u010detri Ukrainas apgabali bija bez elektr\u012bbas.<\/p>\n","protected":false},"excerpt":{"rendered":"&#8220;Savienot\u0101s Valstis ir \u013coti t\u0101lu, m\u016bs \u0161\u0137ir liels, br\u012bni\u0161\u0137\u012bgs oke\u0101ns. Mums ar to nav nek\u0101da sakara,&#8221; nor\u0101d\u012bja Tramps.&hellip;\n","protected":false},"author":2,"featured_media":110373,"comment_status":"","ping_status":"","sticky":false,"template":"","format":"standard","meta":{"footnotes":""},"categories":[14],"tags":[23,57,292,28,29,542,32,33,22,234,74,30,31,35,39,38,36,37,34,40,71,20,26,27,24,25,54,55,56,21,58],"class_list":{"0":"post-110372","1":"post","2":"type-post","3":"status-publish","4":"format-standard","5":"has-post-thumbnail","7":"category-zinas-no-arvalstim","8":"tag-aktualitates","9":"tag-arvalstim","10":"tag-asv","11":"tag-breaking-news","12":"tag-breakingnews","13":"tag-donalds-tramps","14":"tag-featured-news","15":"tag-featurednews","16":"tag-headlines","17":"tag-krievija","18":"tag-krievijas-iebrukums-ukraina","19":"tag-latest-news","20":"tag-latestnews","21":"tag-latvia","22":"tag-latvian","23":"tag-latviesu","24":"tag-latviesu-valoda","25":"tag-latviesuvaloda","26":"tag-latvija","27":"tag-lv","28":"tag-nato","29":"tag-news","30":"tag-popularakas-zinas","31":"tag-popularakaszinas","32":"tag-top-stories","33":"tag-topstories","34":"tag-world","35":"tag-world-news","36":"tag-worldnews","37":"tag-zinas","38":"tag-zinas-no-arvalstim"},"share_on_mastodon":{"url":"https:\/\/pubeurope.com\/@lv\/115934236647922753","error":""},"_links":{"self":[{"href":"https:\/\/www.europesays.com\/lv\/wp-json\/wp\/v2\/posts\/110372","targetHints":{"allow":["GET"]}}],"collection":[{"href":"https:\/\/www.europesays.com\/lv\/wp-json\/wp\/v2\/posts"}],"about":[{"href":"https:\/\/www.europesays.com\/lv\/wp-json\/wp\/v2\/types\/post"}],"author":[{"embeddable":true,"href":"https:\/\/www.europesays.com\/lv\/wp-json\/wp\/v2\/users\/2"}],"replies":[{"embeddable":true,"href":"https:\/\/www.europesays.com\/lv\/wp-json\/wp\/v2\/comments?post=110372"}],"version-history":[{"count":0,"href":"https:\/\/www.europesays.com\/lv\/wp-json\/wp\/v2\/posts\/110372\/revisions"}],"wp:featuredmedia":[{"embeddable":true,"href":"https:\/\/www.europesays.com\/lv\/wp-json\/wp\/v2\/media\/110373"}],"wp:attachment":[{"href":"https:\/\/www.europesays.com\/lv\/wp-json\/wp\/v2\/media?parent=110372"}],"wp:term":[{"taxonomy":"category","embeddable":true,"href":"https:\/\/www.europesays.com\/lv\/wp-json\/wp\/v2\/categories?post=110372"},{"taxonomy":"post_tag","embeddable":true,"href":"https:\/\/www.europesays.com\/lv\/wp-json\/wp\/v2\/tags?post=110372"}],"curies":[{"name":"wp","href":"https:\/\/api.w.org\/{rel}","templated":true}]}}