{"id":110432,"date":"2026-01-21T19:09:08","date_gmt":"2026-01-21T19:09:08","guid":{"rendered":"https:\/\/www.europesays.com\/lv\/110432\/"},"modified":"2026-01-21T19:09:08","modified_gmt":"2026-01-21T19:09:08","slug":"diskutejot-par-budzetu-rigas-domes-deputati-apvaino-viens-otru","status":"publish","type":"post","link":"https:\/\/www.europesays.com\/lv\/110432\/","title":{"rendered":"Diskut\u0113jot par bud\u017eetu, R\u012bgas domes deput\u0101ti apvaino viens otru"},"content":{"rendered":"<p><a href=\"https:\/\/www.tvnet.lv\/term\/572541\/opozicija\" class=\"topicLink\" target=\"_blank\" rel=\"nofollow noopener\">Opoz\u012bcija<\/a> kritiz\u0113ja neieklaus\u012b\u0161anos t\u0101s priek\u0161likumos un p\u0101rmeta koal\u012bcijai cilv\u0113ku vajadz\u012bbu ignor\u0113\u0161anu. Piem\u0113ram, domei tika p\u0101rmests, ka tiek lob\u0113tas 10 000 velobrauc\u0113ju intereses, b\u016bv\u0113jot jaunu infrastrukt\u016bru, bet tiekot ignor\u0113tas 100 000 iedz\u012bvot\u0101ju intereses, kuru m\u0101ju iek\u0161pagalmi ir bedraini un nesak\u0101rtoti.<\/p>\n<p>Frakcijas &#8220;Suver\u0113n\u0101 vara&#8221;\/&#8221;Apvien\u012bba Jaunlatvie\u0161i&#8221; (SV\/AJ) p\u0101rmeta R\u012bgas m\u0113ram Viesturam Kleinbergam (P) to, ka deput\u0101ti netiek iepaz\u012bstin\u0101ti ar visu bud\u017eetu piln\u012bb\u0101, piem\u0113ram, nav pieejami pl\u0101notie R\u012bgas pa\u0161vald\u012bbas Centr\u0101l\u0101s administr\u0101cijas t\u0113ri\u0146i.<\/p>\n<p>Opoz\u012bcijas deput\u0101ti bija atradu\u0161i pa\u0161vald\u012bbas bud\u017eeta t\u0113ri\u0146os, vi\u0146upr\u0101t, nevajadz\u012bgus un nesam\u0113r\u012bgus izdevumus, piem\u0113ram, kafijas ieg\u0101di, kafijas autom\u0101tu nomu, pludma\u013cu p\u0101r\u0123\u0113rb\u0161an\u0101s kab\u012b\u0146u p\u0101rkr\u0101so\u0161anu, kam pl\u0101nots t\u0113r\u0113t 36 000 eiro jeb 3000 eiro vienai pludmales kab\u012bnei, un citus.<\/p>\n<p>&#8220;Latvija pirmaj\u0101 viet\u0101&#8221; (LPV) l\u012bderis Ain\u0101rs \u0160lesers aicin\u0101ja nev\u0113rt\u0113t vi\u0146u rosin\u0101tos priek\u0161likumus k\u0101 partijas priek\u0161likumus, jo t\u0101s esot &#8220;pils\u0113tas vajadz\u012bbas&#8221;. Vi\u0146\u0161 min\u0113ja gan dro\u0161\u012bbu tirdzniec\u012bbas centra &#8220;Origo&#8221; apk\u0101rtn\u0113, gan bonusu pied\u0101v\u0101\u0161anu iedz\u012bvot\u0101ju piesaist\u012b\u0161anai pa\u0161vald\u012bbai, gan atbalsta palielin\u0101\u0161anu dzimst\u012bbas veicin\u0101\u0161anai. T\u0101pat vi\u0146\u0161 aicin\u0101ja padom\u0101t par bezmaksas pusdien\u0101m skol\u0113niem, jo b\u0113rniem esot j\u0101nodro\u0161ina vismaz viena silta \u0113diena reize dien\u0101.<\/p>\n","protected":false},"excerpt":{"rendered":"Opoz\u012bcija kritiz\u0113ja neieklaus\u012b\u0161anos t\u0101s priek\u0161likumos un p\u0101rmeta koal\u012bcijai cilv\u0113ku vajadz\u012bbu ignor\u0113\u0161anu. Piem\u0113ram, domei tika p\u0101rmests, ka tiek lob\u0113tas&hellip;\n","protected":false},"author":2,"featured_media":110433,"comment_status":"","ping_status":"","sticky":false,"template":"","format":"standard","meta":{"footnotes":""},"categories":[12],"tags":[23,28,29,32,33,22,30,31,35,39,38,36,37,34,40,20,1858,26,27,687,24,25,331,21],"class_list":{"0":"post-110432","1":"post","2":"type-post","3":"status-publish","4":"format-standard","5":"has-post-thumbnail","7":"category-latvija","8":"tag-aktualitates","9":"tag-breaking-news","10":"tag-breakingnews","11":"tag-featured-news","12":"tag-featurednews","13":"tag-headlines","14":"tag-latest-news","15":"tag-latestnews","16":"tag-latvia","17":"tag-latvian","18":"tag-latviesu","19":"tag-latviesu-valoda","20":"tag-latviesuvaloda","21":"tag-latvija","22":"tag-lv","23":"tag-news","24":"tag-opozicija","25":"tag-popularakas-zinas","26":"tag-popularakaszinas","27":"tag-rigas-dome","28":"tag-top-stories","29":"tag-topstories","30":"tag-valsts-budzets","31":"tag-zinas"},"share_on_mastodon":{"url":"https:\/\/pubeurope.com\/@lv\/115934669198081247","error":""},"_links":{"self":[{"href":"https:\/\/www.europesays.com\/lv\/wp-json\/wp\/v2\/posts\/110432","targetHints":{"allow":["GET"]}}],"collection":[{"href":"https:\/\/www.europesays.com\/lv\/wp-json\/wp\/v2\/posts"}],"about":[{"href":"https:\/\/www.europesays.com\/lv\/wp-json\/wp\/v2\/types\/post"}],"author":[{"embeddable":true,"href":"https:\/\/www.europesays.com\/lv\/wp-json\/wp\/v2\/users\/2"}],"replies":[{"embeddable":true,"href":"https:\/\/www.europesays.com\/lv\/wp-json\/wp\/v2\/comments?post=110432"}],"version-history":[{"count":0,"href":"https:\/\/www.europesays.com\/lv\/wp-json\/wp\/v2\/posts\/110432\/revisions"}],"wp:featuredmedia":[{"embeddable":true,"href":"https:\/\/www.europesays.com\/lv\/wp-json\/wp\/v2\/media\/110433"}],"wp:attachment":[{"href":"https:\/\/www.europesays.com\/lv\/wp-json\/wp\/v2\/media?parent=110432"}],"wp:term":[{"taxonomy":"category","embeddable":true,"href":"https:\/\/www.europesays.com\/lv\/wp-json\/wp\/v2\/categories?post=110432"},{"taxonomy":"post_tag","embeddable":true,"href":"https:\/\/www.europesays.com\/lv\/wp-json\/wp\/v2\/tags?post=110432"}],"curies":[{"name":"wp","href":"https:\/\/api.w.org\/{rel}","templated":true}]}}