{"id":110436,"date":"2026-01-21T19:16:12","date_gmt":"2026-01-21T19:16:12","guid":{"rendered":"https:\/\/www.europesays.com\/lv\/110436\/"},"modified":"2026-01-21T19:16:12","modified_gmt":"2026-01-21T19:16:12","slug":"jahovics-un-gulbis-par-grazula-piesaisti-kilpa-iespelesanu-dairi-un-trenera-mainu-basketbols-sportacentrs-com","status":"publish","type":"post","link":"https:\/\/www.europesays.com\/lv\/110436\/","title":{"rendered":"Jahovi\u010ds un Gulbis par Gra\u017eu\u013ca piesaisti, \u0136ilpa iesp\u0113l\u0113\u0161anu, Dairi un trenera mai\u0146u \u2013 Basketbols \u2013 Sportacentrs.com"},"content":{"rendered":"<p>&#8220;VEF R\u012bga\u2033 aizvada saviem standartiem gana pietic\u012bgu sezonu. Latvijas-Igaunijas l\u012bg\u0101 R\u012bgas klubs ierindojas tre\u0161aj\u0101 viet\u0101, piek\u0101pjoties, iesp\u0113jams, galvenajiem konkurentiem \u2033R\u012bgas Ze\u013c\u013ciem\u2033, bet \u2033U\u017eavas\u2033 kaus\u0101 nule k\u0101 tika piedz\u012bvota neveiksme jau ceturtda\u013cfin\u0101l\u0101.<\/p>\n<p>Treneris Gulbis \u0161aj\u0101 sarun\u0101 vair\u0101kk\u0101rt izc\u0113la traumu rad\u012bt\u0101s probl\u0113mas sast\u0101v\u0101, k\u0101 ar\u012b komandas aizsardz\u012bbu un c\u012b\u0146u zem groza.<\/p>\n<p>\u2033Uz\u0146emos atbild\u012bbu par visu, kas \u0161obr\u012bd notiek. P\u0113d\u0113jo se\u0161u gadu laik\u0101 \u0161\u012b bija pirm\u0101 s\u0113rija, ko Latvij\u0101 esmu zaud\u0113jis. Es pirms \u0161\u012bs intervijas sev apsol\u012bju, ka \u2033neuzvilk\u0161os\u2033 un visu paskaidroju mier\u012bgi. M\u0113s pirms div\u0101m ned\u0113\u013c\u0101m sp\u0113l\u0113 zem groza zaud\u0113j\u0101m 20 bumbas. Pirmaj\u0101 sp\u0113l\u0113 Valmier\u0101 skat\u012bj\u0101mies viens uz otru \u2013 kur\u0161 tad sav\u0101ks bumbu?\u2033<\/p>\n<p>Viens no Latvijas galvaspils\u0113tas kluba aizvad\u012bt\u0101s starpsezonas ska\u013c\u0101kajiem papildin\u0101jumiem bija Kristapa \u0136ilpa piesaiste no \u2033Liep\u0101jas\u2033. Vi\u0146a sniegums \u0161aj\u0101 sezon\u0101 bijis visnota\u013c vi\u013c\u0146veid\u012bgs.<\/p>\n<p>\u2033\u013boti grib\u0113j\u0101m Kristapu \u0136ilpu un redz\u0113t vi\u0146u speram n\u0101kamo soli. Pirmie divi m\u0113ne\u0161i vi\u0146am bija \u013coti smagi. Es teiktu, ka tas bija kult\u016br\u0161oks par vietu, kur vi\u0146\u0161 non\u0101cis un \u0161eit piepras\u012bto atbild\u012bbas l\u012bmeni. Te nevar sp\u0113l\u0113t katru otro sp\u0113li . \u0160eit tas j\u0101dara katru dienu. Vi\u0146am ar\u012b bija j\u0101pie\u0146em jauna loma, jeb j\u0101n\u0101k no mai\u0146as,\u2033 par latvie\u0161u basketbolista sniegumu \u0161aj\u0101 sezon\u0101 izteic\u0101s Gulbis.<\/p>\n<p>Interneta vid\u0113 bie\u017ei izskan ar\u012b jaut\u0101jumi par pieredzes bag\u0101t\u0101 Daira Bert\u0101na pienesumu \u0161aj\u0101 sezon\u0101. L\u012bdz ar to jaut\u0101jums par vecmeistara l\u012bgumu tika uzdots ar\u012b \u2033VEF R\u012bga\u2033 p\u0101rst\u0101vjiem. Kluba prezidents Gatis Jahovi\u010ds izc\u0113la pieredz\u0113ju\u0161\u0101 basketbolista pienesumu, t\u0101 sakot, \u2033aizkulis\u0113s\u2033.<\/p>\n<p>\u2033M\u0113s ar Dairi l\u012bgumu parakst\u012bj\u0101m pag\u0101ju\u0161\u0101s sezonas laik\u0101. Tobr\u012bd vi\u0146\u0161 sp\u0113l\u0113ja \u013coti labi, kas ar\u012b bija iemesls sarun\u0101m ar vi\u0146u. Tobr\u012bd nebija \u0161aubu par to, ka tas ir pareizs solis. Tas, ka no Daira gaid\u0101m vair\u0101k, visticam\u0101k, nav nek\u0101ds nosl\u0113pums, bet ticam, ka vi\u0146a pieredze pal\u012bdz\u0113s.\u2033<\/p>\n<p>\u2033Le\u0123enda, kas atbilst \u2033VEF R\u012bga\u2033 kult\u016brai. K\u0101dam jau tie pui\u0161i ir j\u0101pieskata un j\u0101r\u0101da piem\u0113rs, ko m\u0113s \u0161obr\u012bd nev\u0113rt\u0113jam naud\u0101. Skaidrs, ka gribam k\u0101du prec\u012bzu t\u0101lmetienu \u010cempionu l\u012bg\u0101, bet dom\u0101ju, ka vi\u0146\u0161 savu v\u0113l par\u0101d\u012bs,\u2033 Jahovi\u010da teikto papildin\u0101ja Gulbis.<\/p>\n<p>Publiskaj\u0101 telp\u0101 izskan\u0113ju\u0161as runas par Zahira Portera atbr\u012bvo\u0161anu. Jahovi\u010ds \u0161\u0101das baumas nenoliedza: \u2033Porters \u0161obr\u012bd ir komand\u0101, bet neizsl\u0113dzu, ka situ\u0101cija var main\u012bties.\u2033<\/p>\n<p>T\u0101pat kluba prezidents apstiprin\u0101ja, ka vismaz viens le\u0123ion\u0101rs (garaj\u0101 gal\u0101) tiek mekl\u0113ts, bet Portera aizie\u0161anas gad\u012bjum\u0101 var\u0113tu tikt piesaist\u012bti divi \u0101rzemju basketbolisti. Savuk\u0101rt Gulbis kol\u0113\u0123i papildin\u0101ja, nor\u0101dot, ka kluba v\u0113rt\u012bbas paredz nepiesaist\u012bt sp\u0113l\u0113t\u0101jus, kuru rezum\u0113 p\u0113c 2022. gada febru\u0101ra mekl\u0113jams pieraksts VTB l\u012bg\u0101.<\/p>\n<p>Run\u0101jot par taktiskajiem jaut\u0101jumiem, Gulbis izc\u0113la vair\u0101kas probl\u0113mas.<\/p>\n<p>\u2033Esam p\u0101r\u0101k pas\u012bvi. Esam tik jauna komanda, bet aizsardz\u012bb\u0101 sp\u0113l\u0113jam p\u0101r\u0101k pas\u012bvi. P\u0113d\u0113jo divu ned\u0113\u013cu laik\u0101 esam palielin\u0101ju\u0161i treni\u0146u intensit\u0101ti \u2013 tie k\u013cuvu\u0161i gar\u0101ki un fizisk\u0101ki. Neapmierina ar\u012b uzbrukuma ievades \u0101trums. M\u0113s sp\u0113l\u0113jam p\u0101r\u0101k individu\u0101li, piem\u0113ram Zahirs vai \u0136ilps. M\u016bs br\u012b\u017eiem ir \u013coti vienk\u0101r\u0161i nosegt.\u2033<\/p>\n<p>Tika apspriests ar\u012b jaut\u0101jums par Andreja Gra\u017eu\u013ca iesp\u0113jamo pievieno\u0161anos komandai. \u0160eit, protams, patrauc\u0113ja finansi\u0101lais aspekts.<\/p>\n<p>\u2033Ja mana inform\u0101cija ir pareiza, tad Gra\u017eulis pelna tikpat, cik visa m\u016bsu komanda kop\u0101,\u2033 sac\u012bja Jahovi\u010ds.<\/p>\n<p>\u2033Vi\u0146\u0161 nosauca ciparu, uz ko atbild\u0113ju, ka varam parakst\u012bt \u0161odien un tagad. G\u0101j\u0101m parakst\u012bt l\u012bgumu, bet vi\u0146\u0161 pateica, ka t\u0101 ir m\u0113ne\u0161a alga,\u2033 ar humoru piebilda Gulbis.<\/p>\n<p>Sezon\u0101s, kur\u0101s netiek izpild\u012bti sportiskie m\u0113r\u0137i, likumsakar\u012bgas ir ar\u012b sarunas par galven\u0101 trenera atbr\u012bvo\u0161anu no amata.<\/p>\n<p>\u2033Protams, ka kluba vald\u0113 trenera jaut\u0101jums tika apspriests. \u0160obr\u012bd vi\u0146am ir visas iesp\u0113jas kluba rezult\u0101tus uzlabot. Esam pie\u0161\u0137\u012bru\u0161i naudas l\u012bdzek\u013cus, ar kuriem oper\u0113t. J\u0101izstrebj sav\u0101r\u012bt\u0101 putra, bet, protams, tas jaut\u0101jums ir izskan\u0113jis,\u2033 nor\u0101d\u012bja Jahovi\u010ds.<\/p>\n<p>\u2033VEF R\u012bga\u2033 n\u0101kamo sp\u0113li apvienotaj\u0101 l\u012bg\u0101 aizvad\u012bs 27. janv\u0101r\u012b, tiekoties ar \u2033Latvijas Universit\u0101ti\u2033.<\/p>\n","protected":false},"excerpt":{"rendered":"&#8220;VEF R\u012bga\u2033 aizvada saviem standartiem gana pietic\u012bgu sezonu. Latvijas-Igaunijas l\u012bg\u0101 R\u012bgas klubs ierindojas tre\u0161aj\u0101 viet\u0101, piek\u0101pjoties, iesp\u0113jams, galvenajiem&hellip;\n","protected":false},"author":2,"featured_media":71987,"comment_status":"","ping_status":"","sticky":false,"template":"","format":"standard","meta":{"footnotes":""},"categories":[5],"tags":[23,145,28,29,32,33,22,30,31,35,39,38,36,37,34,1313,1314,1312,40,20,26,27,24,25,21],"class_list":{"0":"post-110436","1":"post","2":"type-post","3":"status-publish","4":"format-standard","5":"has-post-thumbnail","7":"category-aktualitates","8":"tag-aktualitates","9":"tag-basketbols","10":"tag-breaking-news","11":"tag-breakingnews","12":"tag-featured-news","13":"tag-featurednews","14":"tag-headlines","15":"tag-latest-news","16":"tag-latestnews","17":"tag-latvia","18":"tag-latvian","19":"tag-latviesu","20":"tag-latviesu-valoda","21":"tag-latviesuvaloda","22":"tag-latvija","23":"tag-latvijas-basketbola-liga","24":"tag-latvijas-basketbols","25":"tag-lbl","26":"tag-lv","27":"tag-news","28":"tag-popularakas-zinas","29":"tag-popularakaszinas","30":"tag-top-stories","31":"tag-topstories","32":"tag-zinas"},"share_on_mastodon":{"url":"https:\/\/pubeurope.com\/@lv\/115934696728121065","error":""},"_links":{"self":[{"href":"https:\/\/www.europesays.com\/lv\/wp-json\/wp\/v2\/posts\/110436","targetHints":{"allow":["GET"]}}],"collection":[{"href":"https:\/\/www.europesays.com\/lv\/wp-json\/wp\/v2\/posts"}],"about":[{"href":"https:\/\/www.europesays.com\/lv\/wp-json\/wp\/v2\/types\/post"}],"author":[{"embeddable":true,"href":"https:\/\/www.europesays.com\/lv\/wp-json\/wp\/v2\/users\/2"}],"replies":[{"embeddable":true,"href":"https:\/\/www.europesays.com\/lv\/wp-json\/wp\/v2\/comments?post=110436"}],"version-history":[{"count":0,"href":"https:\/\/www.europesays.com\/lv\/wp-json\/wp\/v2\/posts\/110436\/revisions"}],"wp:featuredmedia":[{"embeddable":true,"href":"https:\/\/www.europesays.com\/lv\/wp-json\/wp\/v2\/media\/71987"}],"wp:attachment":[{"href":"https:\/\/www.europesays.com\/lv\/wp-json\/wp\/v2\/media?parent=110436"}],"wp:term":[{"taxonomy":"category","embeddable":true,"href":"https:\/\/www.europesays.com\/lv\/wp-json\/wp\/v2\/categories?post=110436"},{"taxonomy":"post_tag","embeddable":true,"href":"https:\/\/www.europesays.com\/lv\/wp-json\/wp\/v2\/tags?post=110436"}],"curies":[{"name":"wp","href":"https:\/\/api.w.org\/{rel}","templated":true}]}}