{"id":110457,"date":"2026-01-21T19:57:08","date_gmt":"2026-01-21T19:57:08","guid":{"rendered":"https:\/\/www.europesays.com\/lv\/110457\/"},"modified":"2026-01-21T19:57:08","modified_gmt":"2026-01-21T19:57:08","slug":"video-%e2%9f%a9-miruso-pacientu-radi-izjut-atvieglojumu-par-lemumu-atlaist-bauskas-slimnicas-arsti","status":"publish","type":"post","link":"https:\/\/www.europesays.com\/lv\/110457\/","title":{"rendered":"VIDEO \u27e9 Miru\u0161o pacientu radi izj\u016bt atvieglojumu par l\u0113mumu atlaist Bauskas slimn\u012bcas \u0101rsti"},"content":{"rendered":"<p>Slimn\u012bca &#8220;Facebook&#8221; rakst\u012bja, ka atst\u0101din\u0101\u0161ana no darba pien\u0101kumu pild\u012b\u0161anas veikta, lai nodro\u0161in\u0101tu objekt\u012bvu un vispus\u012bgu situ\u0101cijas izv\u0113rt\u0113\u0161anu p\u0113d\u0113j\u0101s div\u0101s ar \u012bsu laika interv\u0101lu sa\u0146emtaj\u0101s s\u016bdz\u012bb\u0101s. Bauskas slimn\u012bc\u0101 tiks atk\u0101rtoti izv\u0113rt\u0113tas p\u0113d\u0113j\u0101s un iepriek\u0161 sa\u0146emt\u0101s s\u016bdz\u012bbas, kas attiecas uz min\u0113t\u0101 darbinieka komunik\u0101ciju ar pacientiem un vi\u0146u tuviniekiem.<\/p>\n<p>&#8220;Iepriek\u0161 ar min\u0113to darbinieku ir veiktas p\u0101rrunas, k\u0101 ar\u012b izteikts br\u012bdin\u0101jums, aicinot uzlabot profesion\u0101lo saskarsmi. \u0145emot v\u0113r\u0101, ka situ\u0101cija nav b\u016btiski uzlabojusies, pie\u0146emts l\u0113mums par atst\u0101din\u0101\u0161anu uz izv\u0113rt\u0113\u0161anas laiku,&#8221; inform\u0113ja slimn\u012bc\u0101.<\/p>\n<p>P\u0101rbaude s\u0101kta ar\u012b VI. Inspekcijas savas kompetences ietvaros izv\u0113rt\u0113 konkr\u0113to situ\u0101ciju.<\/p>\n<p>Latvijas Telev\u012bzija iepriek\u0161 zi\u0146oja, ka Bauskas slimn\u012bc\u0101 sa\u0146emtas s\u016bdz\u012bbas saist\u012bb\u0101 ar diviem pacientiem, kas s\u0101kum\u0101 apr\u016bp\u0113ti Bausk\u0101, bet v\u0113l\u0101k mira Jelgavas slimn\u012bc\u0101, uz kurieni tik p\u0101rvesti smag\u0101 st\u0101vokl\u012b.<\/p>\n<p>Saska\u0146\u0101 ar &#8220;Firmas.lv&#8221; datiem Bauskas novada pa\u0161vald\u012bbai piedero\u0161\u0101s Bauskas slimn\u012bcas apgroz\u012bjums p\u0113rn ir bijis 5,6 miljoni eiro, uz\u0146\u0113mums cietis 52 000 eiro zaud\u0113jumus. Slimn\u012bcu vada Epermane.<\/p>\n","protected":false},"excerpt":{"rendered":"Slimn\u012bca &#8220;Facebook&#8221; rakst\u012bja, ka atst\u0101din\u0101\u0161ana no darba pien\u0101kumu pild\u012b\u0161anas veikta, lai nodro\u0161in\u0101tu objekt\u012bvu un vispus\u012bgu situ\u0101cijas izv\u0113rt\u0113\u0161anu p\u0113d\u0113j\u0101s&hellip;\n","protected":false},"author":2,"featured_media":110458,"comment_status":"","ping_status":"","sticky":false,"template":"","format":"standard","meta":{"footnotes":""},"categories":[12],"tags":[23,28,29,32,33,22,30,31,35,39,38,36,37,34,40,20,26,27,382,183,24,25,21],"class_list":{"0":"post-110457","1":"post","2":"type-post","3":"status-publish","4":"format-standard","5":"has-post-thumbnail","7":"category-latvija","8":"tag-aktualitates","9":"tag-breaking-news","10":"tag-breakingnews","11":"tag-featured-news","12":"tag-featurednews","13":"tag-headlines","14":"tag-latest-news","15":"tag-latestnews","16":"tag-latvia","17":"tag-latvian","18":"tag-latviesu","19":"tag-latviesu-valoda","20":"tag-latviesuvaloda","21":"tag-latvija","22":"tag-lv","23":"tag-news","24":"tag-popularakas-zinas","25":"tag-popularakaszinas","26":"tag-sabiedriba","27":"tag-slimnica","28":"tag-top-stories","29":"tag-topstories","30":"tag-zinas"},"share_on_mastodon":{"url":"https:\/\/pubeurope.com\/@lv\/115934857934244528","error":""},"_links":{"self":[{"href":"https:\/\/www.europesays.com\/lv\/wp-json\/wp\/v2\/posts\/110457","targetHints":{"allow":["GET"]}}],"collection":[{"href":"https:\/\/www.europesays.com\/lv\/wp-json\/wp\/v2\/posts"}],"about":[{"href":"https:\/\/www.europesays.com\/lv\/wp-json\/wp\/v2\/types\/post"}],"author":[{"embeddable":true,"href":"https:\/\/www.europesays.com\/lv\/wp-json\/wp\/v2\/users\/2"}],"replies":[{"embeddable":true,"href":"https:\/\/www.europesays.com\/lv\/wp-json\/wp\/v2\/comments?post=110457"}],"version-history":[{"count":0,"href":"https:\/\/www.europesays.com\/lv\/wp-json\/wp\/v2\/posts\/110457\/revisions"}],"wp:featuredmedia":[{"embeddable":true,"href":"https:\/\/www.europesays.com\/lv\/wp-json\/wp\/v2\/media\/110458"}],"wp:attachment":[{"href":"https:\/\/www.europesays.com\/lv\/wp-json\/wp\/v2\/media?parent=110457"}],"wp:term":[{"taxonomy":"category","embeddable":true,"href":"https:\/\/www.europesays.com\/lv\/wp-json\/wp\/v2\/categories?post=110457"},{"taxonomy":"post_tag","embeddable":true,"href":"https:\/\/www.europesays.com\/lv\/wp-json\/wp\/v2\/tags?post=110457"}],"curies":[{"name":"wp","href":"https:\/\/api.w.org\/{rel}","templated":true}]}}