{"id":110491,"date":"2026-01-21T20:42:09","date_gmt":"2026-01-21T20:42:09","guid":{"rendered":"https:\/\/www.europesays.com\/lv\/110491\/"},"modified":"2026-01-21T20:42:09","modified_gmt":"2026-01-21T20:42:09","slug":"rigas-zelli-enbl-maca-pieveic-nukaslas-komandu","status":"publish","type":"post","link":"https:\/\/www.europesays.com\/lv\/110491\/","title":{"rendered":"&#8220;R\u012bgas ze\u013c\u013ci&#8221; ENBL ma\u010d\u0101 pieveic \u0145\u016bk\u0101slas komandu"},"content":{"rendered":"<p>&#8220;R\u012bgas ze\u013c\u013ci&#8221; sav\u0101 laukum\u0101 ar 96:88 (21:16, 20:19, 18:23, 37:30) guva pan\u0101kumu p\u0101r \u0145\u016bk\u0101slas &#8220;Eagles&#8221; komandu no Anglijas.<\/p>\n<p>R\u012bdzinieku rind\u0101s rezultat\u012bv\u0101kais bija Frenkijs Fidlers, kur\u0161 iekr\u0101ja 24 punktus, se\u0161as atl\u0113ku\u0161\u0101s bumbas un septi\u0146as rezultat\u012bvas piesp\u0113les. V\u0113l pa 14 punktiem guva Rodijs Ma\u010doha un D\u017eekijs D\u017eonsons, bet pa 13 punktiem pievienoja Deniss Luka\u0161ovs un Maiks Adevunmi.<\/p>\n<p>Viesus no zaud\u0113juma negl\u0101ba Kouls Longs, kur\u0161 izc\u0113l\u0101s ar 25 punktiem.<\/p>\n<p>R\u012bdzinieki ar \u010detr\u0101m uzvar\u0101m septi\u0146os ma\u010dos turn\u012bra tabul\u0101 atrodas dev\u012btaj\u0101 viet\u0101 26 komandu konkurenc\u0113, bet &#8220;Eagles&#8221; piec\u0101s sp\u0113l\u0113s ir bez pan\u0101kumiem un atrodas p\u0113d\u0113j\u0101 poz\u012bcij\u0101.<\/p>\n<p>ENBL \u0161osezon sp\u0113l\u0113 ar\u012b &#8220;Valmiera Glass&#8221;\/&#8221;Vidzemes Augstskola&#8221;, kas ar bilanci 4-2 ie\u0146em 13. vietu.<\/p>\n<p>26 komandas no 17 valst\u012bm tr\u012bs grup\u0101s l\u012bdz febru\u0101ra vidum aizvada ap\u013ca turn\u012bru ar p\u0101r\u0113j\u0101m grupas komand\u0101m.<\/p>\n<p>ENBL izsl\u0113g\u0161anas sp\u0113l\u0113s iek\u013c\u016bst 16 komandas.<\/p>\n<p>Latvijas komanda &#8220;Valmiera Glass&#8221;\/&#8221;Vidzemes Augstskola&#8221; ir vien\u012bg\u0101, kas l\u012bg\u0101 sp\u0113l\u0113 kop\u0161 pirm\u0101s sezonas. Valmierie\u0161i 2024.\/2025. gada sezon\u0101 A grup\u0101 ar se\u0161\u0101m uzvar\u0101m asto\u0146\u0101s sp\u0113l\u0113s ie\u0146\u0113ma ceturto vietu un &#8220;play-off&#8221; turn\u012br\u0101 tika l\u012bdz ceturtda\u013cfin\u0101lam, kur divu ma\u010du summ\u0101 ar 162:190 piek\u0101p\u0101s Bratislavas &#8220;Inter&#8221;.<\/p>\n","protected":false},"excerpt":{"rendered":"&#8220;R\u012bgas ze\u013c\u013ci&#8221; sav\u0101 laukum\u0101 ar 96:88 (21:16, 20:19, 18:23, 37:30) guva pan\u0101kumu p\u0101r \u0145\u016bk\u0101slas &#8220;Eagles&#8221; komandu no Anglijas.&hellip;\n","protected":false},"author":2,"featured_media":110492,"comment_status":"","ping_status":"","sticky":false,"template":"","format":"standard","meta":{"footnotes":"","_share_on_mastodon":"0"},"categories":[17],"tags":[10258,10260,35,39,38,36,37,34,225,1312,40,1258,67,2120,10259],"class_list":["post-110491","post","type-post","status-publish","format-standard","has-post-thumbnail","category-sports","tag-bbl","tag-eiropas-kausa-izcina-basketbola","tag-latvia","tag-latvian","tag-latviesu","tag-latviesu-valoda","tag-latviesuvaloda","tag-latvija","tag-latvijas-basketbola-izlase","tag-lbl","tag-lv","tag-nba","tag-sports","tag-uleb-eiroliga","tag-vtb-vbl"],"share_on_mastodon":{"url":"https:\/\/pubeurope.com\/@lv\/115935034900348054","error":""},"_links":{"self":[{"href":"https:\/\/www.europesays.com\/lv\/wp-json\/wp\/v2\/posts\/110491","targetHints":{"allow":["GET"]}}],"collection":[{"href":"https:\/\/www.europesays.com\/lv\/wp-json\/wp\/v2\/posts"}],"about":[{"href":"https:\/\/www.europesays.com\/lv\/wp-json\/wp\/v2\/types\/post"}],"author":[{"embeddable":true,"href":"https:\/\/www.europesays.com\/lv\/wp-json\/wp\/v2\/users\/2"}],"replies":[{"embeddable":true,"href":"https:\/\/www.europesays.com\/lv\/wp-json\/wp\/v2\/comments?post=110491"}],"version-history":[{"count":0,"href":"https:\/\/www.europesays.com\/lv\/wp-json\/wp\/v2\/posts\/110491\/revisions"}],"wp:featuredmedia":[{"embeddable":true,"href":"https:\/\/www.europesays.com\/lv\/wp-json\/wp\/v2\/media\/110492"}],"wp:attachment":[{"href":"https:\/\/www.europesays.com\/lv\/wp-json\/wp\/v2\/media?parent=110491"}],"wp:term":[{"taxonomy":"category","embeddable":true,"href":"https:\/\/www.europesays.com\/lv\/wp-json\/wp\/v2\/categories?post=110491"},{"taxonomy":"post_tag","embeddable":true,"href":"https:\/\/www.europesays.com\/lv\/wp-json\/wp\/v2\/tags?post=110491"}],"curies":[{"name":"wp","href":"https:\/\/api.w.org\/{rel}","templated":true}]}}