{"id":110500,"date":"2026-01-21T20:58:08","date_gmt":"2026-01-21T20:58:08","guid":{"rendered":"https:\/\/www.europesays.com\/lv\/110500\/"},"modified":"2026-01-21T20:58:08","modified_gmt":"2026-01-21T20:58:08","slug":"tramps-ar-nato-panacis-provizorisku-vienosanos-par-grenlandi-atcel-tarifu-draudus-eiropai-2","status":"publish","type":"post","link":"https:\/\/www.europesays.com\/lv\/110500\/","title":{"rendered":"Tramps ar NATO pan\u0101cis provizorisku vieno\u0161anos par Grenlandi. Atce\u013c tarifu draudus Eiropai"},"content":{"rendered":"<p>Davos\u0101 \u0161oned\u0113\u013c notiek ikgad\u0113jais Pasaules Ekonomikas forums (WEF), kas pulc\u0113 vienuviet aptuveni 3000 pasaules politisk\u0101s, ekonomisk\u0101s, sabiedrisk\u0101s un zin\u0101tnes elites p\u0101rst\u0101vju.<\/p>\n<p>Trampa iecere p\u0101r\u0146emt sav\u0101 kontrol\u0113 Grenlandi ir satricin\u0101jusi glob\u0101lo k\u0101rt\u012bbu un izvirz\u012bjusies \u0161\u012b gada WEF uzman\u012bbas centr\u0101.<\/p>\n<p>&#8220;Es piekritu da\u017e\u0101du pu\u0161u san\u0101ksmei Davos\u0101, \u0160veic\u0113,&#8221; sav\u0101 soci\u0101laj\u0101 platform\u0101 &#8220;Truth Social&#8221; iepriek\u0161 pazi\u0146oja Tramps.<\/p>\n<p>&#8220;K\u0101 es visiem \u013coti skaidri pateicu, Grenlande ir \u013coti svar\u012bga valsts un pasaules dro\u0161\u012bbai. Atgrie\u0161an\u0101s atpaka\u013c nav iesp\u0113jama &#8211; par to visi ir vienispr\u0101tis!&#8221; pazi\u0146oja prezidents.<\/p>\n<p>Vi\u0146\u0161 uzst\u0101j, ka Savienotaj\u0101m Valst\u012bm ir nepiecie\u0161ama Grenlande dro\u0161\u012bbas apsv\u0113rumu d\u0113\u013c, jo Krievija un \u0136\u012bna palielina milit\u0101r\u0101s aktivit\u0101tes t\u0101s tuvum\u0101.<\/p>\n<p>Tramps nakt\u012b uz otrdienu &#8220;Truth Social&#8221; public\u0113ja vair\u0101kus ierakstus, ar\u012b m\u0101ksl\u012bg\u0101 intelekta rad\u012btu att\u0113lu, kur\u0101 vi\u0146\u0161 uz sniegainas kalnu ainavas fona tur ASV karogu. &#8220;Grenlande. ASV teritorija. Dibin\u0101ta 2026. gad\u0101,&#8221; teikts uzrakst\u0101 uz pl\u0101ksnes l\u012bdz\u0101s Trampam, vi\u0146a viceprezidentam un valsts sekret\u0101ram.<\/p>\n<p>ASV prezidents ar\u012b public\u0113ja m\u0101ksl\u012bg\u0101 intelekta rad\u012btu att\u0113lu, kur\u0101 pasaules l\u012bderi redzami sapulc\u0113 pie kartes, kur ASV karogs nokl\u0101j Savienot\u0101s Valstis, Kan\u0101du, Grenlandi un Venecu\u0113lu.<\/p>\n<p>Balt\u0101 nama saimnieks &#8220;Truth Social&#8221; pazi\u0146oja, ka vi\u0146am bijusi \u013coti laba telefonsaruna ar NATO \u0123ener\u0101lsekret\u0101ru Marku Riti par Grenlandi. Tramps public\u0113ja ekr\u0101nuz\u0146\u0113mumu, kur esot redzama Rites s\u016bt\u012bt\u0101 zi\u0146a, kas pau\u017eot ap\u0146\u0113m\u012bbu atrast veidu, k\u0101 virz\u012bties uz priek\u0161u Grenlandes jaut\u0101jum\u0101.<\/p>\n<p>Tramps pirmdien \u017eurn\u0101listiem izteic\u0101s, ka, vi\u0146apr\u0101t, Eiropas l\u012bderi p\u0101r\u0101k daudz nepretosies vi\u0146a m\u0113\u0123in\u0101jumam ieg\u016bt \u0161o teritoriju. &#8220;Vi\u0146i nevar to aizsarg\u0101t,&#8221; vi\u0146\u0161 piebilda.<\/p>\n","protected":false},"excerpt":{"rendered":"Davos\u0101 \u0161oned\u0113\u013c notiek ikgad\u0113jais Pasaules Ekonomikas forums (WEF), kas pulc\u0113 vienuviet aptuveni 3000 pasaules politisk\u0101s, ekonomisk\u0101s, sabiedrisk\u0101s un&hellip;\n","protected":false},"author":2,"featured_media":110490,"comment_status":"","ping_status":"","sticky":false,"template":"","format":"standard","meta":{"footnotes":""},"categories":[5],"tags":[23,292,28,29,1418,542,32,33,20878,22,30,31,35,39,38,36,37,34,40,71,20,26,27,24,25,21],"class_list":{"0":"post-110500","1":"post","2":"type-post","3":"status-publish","4":"format-standard","5":"has-post-thumbnail","7":"category-aktualitates","8":"tag-aktualitates","9":"tag-asv","10":"tag-breaking-news","11":"tag-breakingnews","12":"tag-danija","13":"tag-donalds-tramps","14":"tag-featured-news","15":"tag-featurednews","16":"tag-grenlande","17":"tag-headlines","18":"tag-latest-news","19":"tag-latestnews","20":"tag-latvia","21":"tag-latvian","22":"tag-latviesu","23":"tag-latviesu-valoda","24":"tag-latviesuvaloda","25":"tag-latvija","26":"tag-lv","27":"tag-nato","28":"tag-news","29":"tag-popularakas-zinas","30":"tag-popularakaszinas","31":"tag-top-stories","32":"tag-topstories","33":"tag-zinas"},"share_on_mastodon":{"url":"https:\/\/pubeurope.com\/@lv\/115935097795698071","error":""},"_links":{"self":[{"href":"https:\/\/www.europesays.com\/lv\/wp-json\/wp\/v2\/posts\/110500","targetHints":{"allow":["GET"]}}],"collection":[{"href":"https:\/\/www.europesays.com\/lv\/wp-json\/wp\/v2\/posts"}],"about":[{"href":"https:\/\/www.europesays.com\/lv\/wp-json\/wp\/v2\/types\/post"}],"author":[{"embeddable":true,"href":"https:\/\/www.europesays.com\/lv\/wp-json\/wp\/v2\/users\/2"}],"replies":[{"embeddable":true,"href":"https:\/\/www.europesays.com\/lv\/wp-json\/wp\/v2\/comments?post=110500"}],"version-history":[{"count":0,"href":"https:\/\/www.europesays.com\/lv\/wp-json\/wp\/v2\/posts\/110500\/revisions"}],"wp:featuredmedia":[{"embeddable":true,"href":"https:\/\/www.europesays.com\/lv\/wp-json\/wp\/v2\/media\/110490"}],"wp:attachment":[{"href":"https:\/\/www.europesays.com\/lv\/wp-json\/wp\/v2\/media?parent=110500"}],"wp:term":[{"taxonomy":"category","embeddable":true,"href":"https:\/\/www.europesays.com\/lv\/wp-json\/wp\/v2\/categories?post=110500"},{"taxonomy":"post_tag","embeddable":true,"href":"https:\/\/www.europesays.com\/lv\/wp-json\/wp\/v2\/tags?post=110500"}],"curies":[{"name":"wp","href":"https:\/\/api.w.org\/{rel}","templated":true}]}}