{"id":110530,"date":"2026-01-21T22:38:15","date_gmt":"2026-01-21T22:38:15","guid":{"rendered":"https:\/\/www.europesays.com\/lv\/110530\/"},"modified":"2026-01-21T22:38:15","modified_gmt":"2026-01-21T22:38:15","slug":"30-i-izrade-boeing-boeing-sigulda","status":"publish","type":"post","link":"https:\/\/www.europesays.com\/lv\/110530\/","title":{"rendered":"30.I Izr\u0101de &#8220;Boeing, boeing!&#8221; Siguld\u0101"},"content":{"rendered":"<p>30.janv\u0101r\u012b\u00a0plkst.19.00 kult\u016bras centr\u0101 &#8220;Siguldas devons&#8221; notiks izr\u0101de &#8220;Boeing, boeing!&#8221; &#8211; kaisl\u012bga attiec\u012bbu turbulence. Lugas galvenais varonis Bern\u0101rs ir p\u0101rliecin\u0101ts, ka sp\u0113j uzs\u0101kt m\u012blas d\u0113ku ar trim burv\u012bgaj\u0101m stjuart\u0113m no trim pasaules liel\u0101kaj\u0101m aviokomp\u0101nij\u0101m\u2026 Vi\u0146a veiksmes atsl\u0113ga ir vienk\u0101r\u0161a: galvenais, lai m\u012blas grafiks sakristu ar lidma\u0161\u012bnu lidojumu grafiku! Ta\u010du nav nosl\u0113pums, ka jebkuri meli reiz n\u0101k gaism\u0101, un pat visprec\u012bz\u0101kos grafikos var gad\u012bties mis\u0113klis. Un tie\u0161i tad, kad viss slepenais k\u013c\u016bst zin\u0101ms, s\u0101kas pats interesant\u0101kais, smiekl\u012bg\u0101kais un paties\u0101kais!\u00a0<\/p>\n<p>Izr\u0101de &#8220;Boeing, boeing&#8221; pirmo reizi iestud\u0113ta Par\u012bz\u0113 1960.gad\u0101, un kop\u0161 t\u0101 laika ir r\u0101d\u012bta t\u016bksto\u0161iem rei\u017eu piecdesmit pasaules valst\u012bs. Kopum\u0101 to noskat\u012bju\u0161ies vair\u0101k nek\u0101 20 miljoni skat\u012bt\u0101ju, un 1990.gad\u0101 luga tikusi iek\u013cauta Ginesa rekordu gr\u0101mat\u0101 k\u0101 visvair\u0101k sp\u0113l\u0113t\u0101 fran\u010du luga pasaul\u0113.<\/p>\n<p>Lom\u0101s: Krist\u012bne Nevarauska, Inga Alsi\u0146a, Inga Mis\u0101ne-Grasberga, \u0122irts \u0136esteris, Lauris Dzelz\u012btis, Lauris Subatnieks. Re\u017eisors &#8211; Rolands Atko\u010d\u016bns.<\/p>\n","protected":false},"excerpt":{"rendered":"30.janv\u0101r\u012b\u00a0plkst.19.00 kult\u016bras centr\u0101 &#8220;Siguldas devons&#8221; notiks izr\u0101de &#8220;Boeing, boeing!&#8221; &#8211; kaisl\u012bga attiec\u012bbu turbulence. Lugas galvenais varonis Bern\u0101rs ir&hellip;\n","protected":false},"author":2,"featured_media":110531,"comment_status":"","ping_status":"","sticky":false,"template":"","format":"standard","meta":{"footnotes":""},"categories":[19],"tags":[47,89,90,381,64,35,39,38,36,37,34,40,385,172,382,384,383,21],"class_list":{"0":"post-110530","1":"post","2":"type-post","3":"status-publish","4":"format-standard","5":"has-post-thumbnail","7":"category-izklaide","8":"tag-ekonomika","9":"tag-entertainment","10":"tag-izklaide","11":"tag-jaunumi","12":"tag-kultura","13":"tag-latvia","14":"tag-latvian","15":"tag-latviesu","16":"tag-latviesu-valoda","17":"tag-latviesuvaloda","18":"tag-latvija","19":"tag-lv","20":"tag-pieriga","21":"tag-riga","22":"tag-sabiedriba","23":"tag-sludinajumi","24":"tag-sports-afisa","25":"tag-zinas"},"share_on_mastodon":{"url":"https:\/\/pubeurope.com\/@lv\/115935491020133496","error":""},"_links":{"self":[{"href":"https:\/\/www.europesays.com\/lv\/wp-json\/wp\/v2\/posts\/110530","targetHints":{"allow":["GET"]}}],"collection":[{"href":"https:\/\/www.europesays.com\/lv\/wp-json\/wp\/v2\/posts"}],"about":[{"href":"https:\/\/www.europesays.com\/lv\/wp-json\/wp\/v2\/types\/post"}],"author":[{"embeddable":true,"href":"https:\/\/www.europesays.com\/lv\/wp-json\/wp\/v2\/users\/2"}],"replies":[{"embeddable":true,"href":"https:\/\/www.europesays.com\/lv\/wp-json\/wp\/v2\/comments?post=110530"}],"version-history":[{"count":0,"href":"https:\/\/www.europesays.com\/lv\/wp-json\/wp\/v2\/posts\/110530\/revisions"}],"wp:featuredmedia":[{"embeddable":true,"href":"https:\/\/www.europesays.com\/lv\/wp-json\/wp\/v2\/media\/110531"}],"wp:attachment":[{"href":"https:\/\/www.europesays.com\/lv\/wp-json\/wp\/v2\/media?parent=110530"}],"wp:term":[{"taxonomy":"category","embeddable":true,"href":"https:\/\/www.europesays.com\/lv\/wp-json\/wp\/v2\/categories?post=110530"},{"taxonomy":"post_tag","embeddable":true,"href":"https:\/\/www.europesays.com\/lv\/wp-json\/wp\/v2\/tags?post=110530"}],"curies":[{"name":"wp","href":"https:\/\/api.w.org\/{rel}","templated":true}]}}