{"id":11055,"date":"2025-10-03T05:10:19","date_gmt":"2025-10-03T05:10:19","guid":{"rendered":"https:\/\/www.europesays.com\/lv\/11055\/"},"modified":"2025-10-03T05:10:19","modified_gmt":"2025-10-03T05:10:19","slug":"jangs-ir-loti-gudrs-un-atri-spes-nolasit-to-ko-velos-izdarit-laukuma","status":"publish","type":"post","link":"https:\/\/www.europesays.com\/lv\/11055\/","title":{"rendered":"Jangs ir \u013coti gudrs un \u0101tri sp\u0113s nolas\u012bt to, ko v\u0113los izdar\u012bt laukum\u0101"},"content":{"rendered":"<p>Starpsezon\u0101 Porzi\u0146\u0123is no Bostonas &#8220;Celtics&#8221; vien\u012bbas, ar kuru 2024. gad\u0101 k\u013cuva par Nacion\u0101l\u0101s basketbola asoci\u0101cijas (<a href=\"https:\/\/sports.tvnet.lv\/term\/10004\/nba\" class=\"topicLink\" target=\"_blank\" rel=\"nofollow noopener\">NBA<\/a>) \u010dempionu, tika aizmain\u012bts uz &#8220;Hawks&#8221;. P\u0113c pirm\u0101 aizvad\u012bt\u0101 treni\u0146a Atlantas komandas rind\u0101s latvietis atzina, ka treni\u0146nometne ies\u0101kta uz pozit\u012bvas nots.<\/p>\n<p>&#8220;Protams, pirm\u0101 treni\u0146nometnes diena parasti nav t\u0101 glud\u0101k\u0101 &#8211; ir augsts ener\u0123ijas l\u012bmenis, daudz k\u013c\u016bdu. Ar katru dienu k\u013c\u016bsim lab\u0101ki,&#8221; teica Porzi\u0146\u0123is. &#8220;Ir labi s\u0101kt sajust vienam otru. Treneris [Kevins Snaiders] skaidroja, ko vi\u0146\u0161 v\u0113las no mums uzbrukum\u0101 un aizsardz\u012bb\u0101, man patika, ko es dzird\u0113ju. Man patika veids, k\u0101 vi\u0146\u0161 v\u0113las organiz\u0113t sp\u0113li un vi\u0146a ideolo\u0123ija.&#8221;<\/p>\n<p>Latvijas basketbolists izc\u0113la, ka vi\u0146am ar Jangu v\u0113l j\u0101att\u012bsta sasp\u0113l\u0113\u0161an\u0101s, ta\u010du vi\u0146\u0161 augstu v\u0113rt\u0113 &#8220;Hawks&#8221; l\u012bdera darb\u012bbas laukum\u0101.<\/p>\n<blockquote class=\"quote ck-widget\" contenteditable=\"false\">\n<p>&#8220;M\u0113\u0123in\u0101\u0161u padar\u012bt vi\u0146a dz\u012bvi vienk\u0101r\u0161\u0101ku. Vi\u0146\u0161 ir \u013coti gudrs un \u0101tri sp\u0113s nolas\u012bt to, ko v\u0113los izdar\u012bt laukum\u0101. Vi\u0146\u0161 prot atrast sp\u0113l\u0113t\u0101jus situ\u0101cij\u0101s, kur\u0101s vi\u0146i pat negaida bumbu,&#8221; piebilda latvietis.<\/p>\n<\/blockquote>\n<p>Pag\u0101ju\u0161aj\u0101 sezon\u0101 liep\u0101jnieks pamatturn\u012br\u0101 laukum\u0101 dev\u0101s 42 sp\u0113l\u0113s, vid\u0113ji ma\u010d\u0101 g\u016bstot 19,5 punktus, sakr\u0101jot 6,8 atl\u0113ku\u0161\u0101s bumbas, 2,1 rezultat\u012bvu piesp\u0113li un 1,5 blo\u0137\u0113tus metienus, bet izsl\u0113g\u0161anas sp\u0113\u013cu turn\u012br\u0101 vi\u0146\u0161 11 due\u013cos caurm\u0113r\u0101 21 min\u016bt\u0113 ma\u010d\u0101 sakr\u0101ja 7,7 punktus, 4,6 atl\u0113ku\u0161\u0101s bumbas, 0,7 piesp\u0113les un 0,8 blo\u0137\u0113tus metienus.<\/p>\n<p>NBA pirmssezonas sp\u0113les s\u0101ksies 2. oktobr\u012b, &#8220;Hawks&#8221; pirmo ma\u010du viesos ar Hj\u016bstonas &#8220;Rockets&#8221; aizvadot 6. oktobr\u012b.<\/p>\n<p>NBA sezonas pamatturn\u012bra sp\u0113les s\u0101ksies 21. oktobr\u012b.<\/p>\n","protected":false},"excerpt":{"rendered":"Starpsezon\u0101 Porzi\u0146\u0123is no Bostonas &#8220;Celtics&#8221; vien\u012bbas, ar kuru 2024. gad\u0101 k\u013cuva par Nacion\u0101l\u0101s basketbola asoci\u0101cijas (NBA) \u010dempionu, tika&hellip;\n","protected":false},"author":2,"featured_media":11056,"comment_status":"","ping_status":"","sticky":false,"template":"","format":"standard","meta":{"footnotes":""},"categories":[17],"tags":[1264,1462,1260,35,39,38,36,37,34,40,1258,67],"class_list":{"0":"post-11055","1":"post","2":"type-post","3":"status-publish","4":"format-standard","5":"has-post-thumbnail","7":"category-sports","8":"tag-bostonas-celtics","9":"tag-hjustonas-rockets","10":"tag-kristaps-porzingis","11":"tag-latvia","12":"tag-latvian","13":"tag-latviesu","14":"tag-latviesu-valoda","15":"tag-latviesuvaloda","16":"tag-latvija","17":"tag-lv","18":"tag-nba","19":"tag-sports"},"share_on_mastodon":{"url":"","error":""},"_links":{"self":[{"href":"https:\/\/www.europesays.com\/lv\/wp-json\/wp\/v2\/posts\/11055","targetHints":{"allow":["GET"]}}],"collection":[{"href":"https:\/\/www.europesays.com\/lv\/wp-json\/wp\/v2\/posts"}],"about":[{"href":"https:\/\/www.europesays.com\/lv\/wp-json\/wp\/v2\/types\/post"}],"author":[{"embeddable":true,"href":"https:\/\/www.europesays.com\/lv\/wp-json\/wp\/v2\/users\/2"}],"replies":[{"embeddable":true,"href":"https:\/\/www.europesays.com\/lv\/wp-json\/wp\/v2\/comments?post=11055"}],"version-history":[{"count":0,"href":"https:\/\/www.europesays.com\/lv\/wp-json\/wp\/v2\/posts\/11055\/revisions"}],"wp:featuredmedia":[{"embeddable":true,"href":"https:\/\/www.europesays.com\/lv\/wp-json\/wp\/v2\/media\/11056"}],"wp:attachment":[{"href":"https:\/\/www.europesays.com\/lv\/wp-json\/wp\/v2\/media?parent=11055"}],"wp:term":[{"taxonomy":"category","embeddable":true,"href":"https:\/\/www.europesays.com\/lv\/wp-json\/wp\/v2\/categories?post=11055"},{"taxonomy":"post_tag","embeddable":true,"href":"https:\/\/www.europesays.com\/lv\/wp-json\/wp\/v2\/tags?post=11055"}],"curies":[{"name":"wp","href":"https:\/\/api.w.org\/{rel}","templated":true}]}}