{"id":110553,"date":"2026-01-22T00:49:07","date_gmt":"2026-01-22T00:49:07","guid":{"rendered":"https:\/\/www.europesays.com\/lv\/110553\/"},"modified":"2026-01-22T00:49:07","modified_gmt":"2026-01-22T00:49:07","slug":"danijas-ministrs-pozitivi-verte-trampa-runu-davosa","status":"publish","type":"post","link":"https:\/\/www.europesays.com\/lv\/110553\/","title":{"rendered":"D\u0101nijas ministrs pozit\u012bvi v\u0113rt\u0113 Trampa runu Davos\u0101"},"content":{"rendered":"<p>&#8220;P\u0113c \u0161\u012bs runas ir piln\u012bgi skaidrs, ka prezidenta amb\u012bcijas paliek nemain\u012bgas,&#8221; Rasmusens sac\u012bja \u017eurn\u0101listiem Kopenh\u0101gen\u0101, izsakoties par Trampa runu Davos\u0101.<\/p>\n<p>&#8220;Tas, protams, ir pozit\u012bvi, raugoties uz to izol\u0113ti, ka prezidents to pateica par milit\u0101ro jomu, ta\u010du tas nepadara probl\u0113mu par neeso\u0161u,&#8221; uzsv\u0113ra ministrs.<\/p>\n<p>Tika &#8220;\u013coti skaidri tika pateikts, ka lab\u0101k ir ieg\u016bt \u012bpa\u0161um\u0101, nevis nom\u0101t,&#8221; sac\u012bja Rasmusens.<\/p>\n<p>Tre\u0161dien Davos\u0101 Tramps pirmo reizi apliecin\u0101ja, ka &#8220;neizmantos sp\u0113ku&#8221;, bet piepras\u012bja &#8220;nekav\u0113joties s\u0101kt sarunas&#8221;, lai ieg\u016btu Grenlandi no D\u0101nijas.<\/p>\n<p>P\u0113c tik\u0161an\u0101s parlament\u0101 ar aizsardz\u012bbas ministru Troelsu Lundu Poulsenu Rasmusens atk\u0101rtoti uzsv\u0113ra, ka Grenlande netiek tirgota.<\/p>\n<p>Vi\u0146\u0161 uzsv\u0113ra, ka &#8220;cilv\u0113kus netirgo. Var notikt tirdzniec\u012bba starp cilv\u0113kiem, bet ne tirgo\u0161an\u0101s ar cilv\u0113kiem&#8221;.<\/p>\n<p>&#8220;M\u0113s nekad neved\u012bsim sarunas, atsakoties no pamatprincipiem. M\u0113s dz\u012bvojam 2026. gad\u0101 starptautiskaj\u0101 k\u0101rt\u012bb\u0101, kas balst\u0101s likum\u0101, valstu suverenit\u0101t\u0113 un tautu pa\u0161noteik\u0161an\u0101s ties\u012bb\u0101s &#8211; k\u0101rt\u012bb\u0101, ko p\u0113c Otr\u0101 pasaules kara pal\u012bdz\u0113ja veidot pa\u0161as Savienot\u0101s Valstis,&#8221; uzsv\u0113ra ministrs.<\/p>\n","protected":false},"excerpt":{"rendered":"&#8220;P\u0113c \u0161\u012bs runas ir piln\u012bgi skaidrs, ka prezidenta amb\u012bcijas paliek nemain\u012bgas,&#8221; Rasmusens sac\u012bja \u017eurn\u0101listiem Kopenh\u0101gen\u0101, izsakoties par Trampa&hellip;\n","protected":false},"author":2,"featured_media":96392,"comment_status":"","ping_status":"","sticky":false,"template":"","format":"standard","meta":{"footnotes":""},"categories":[5],"tags":[23,28,29,1418,542,334,32,33,22,30,31,35,39,38,36,37,34,40,20,26,27,24,25,21],"class_list":{"0":"post-110553","1":"post","2":"type-post","3":"status-publish","4":"format-standard","5":"has-post-thumbnail","7":"category-aktualitates","8":"tag-aktualitates","9":"tag-breaking-news","10":"tag-breakingnews","11":"tag-danija","12":"tag-donalds-tramps","13":"tag-drosiba","14":"tag-featured-news","15":"tag-featurednews","16":"tag-headlines","17":"tag-latest-news","18":"tag-latestnews","19":"tag-latvia","20":"tag-latvian","21":"tag-latviesu","22":"tag-latviesu-valoda","23":"tag-latviesuvaloda","24":"tag-latvija","25":"tag-lv","26":"tag-news","27":"tag-popularakas-zinas","28":"tag-popularakaszinas","29":"tag-top-stories","30":"tag-topstories","31":"tag-zinas"},"share_on_mastodon":{"url":"https:\/\/pubeurope.com\/@lv\/115936006198339680","error":""},"_links":{"self":[{"href":"https:\/\/www.europesays.com\/lv\/wp-json\/wp\/v2\/posts\/110553","targetHints":{"allow":["GET"]}}],"collection":[{"href":"https:\/\/www.europesays.com\/lv\/wp-json\/wp\/v2\/posts"}],"about":[{"href":"https:\/\/www.europesays.com\/lv\/wp-json\/wp\/v2\/types\/post"}],"author":[{"embeddable":true,"href":"https:\/\/www.europesays.com\/lv\/wp-json\/wp\/v2\/users\/2"}],"replies":[{"embeddable":true,"href":"https:\/\/www.europesays.com\/lv\/wp-json\/wp\/v2\/comments?post=110553"}],"version-history":[{"count":0,"href":"https:\/\/www.europesays.com\/lv\/wp-json\/wp\/v2\/posts\/110553\/revisions"}],"wp:featuredmedia":[{"embeddable":true,"href":"https:\/\/www.europesays.com\/lv\/wp-json\/wp\/v2\/media\/96392"}],"wp:attachment":[{"href":"https:\/\/www.europesays.com\/lv\/wp-json\/wp\/v2\/media?parent=110553"}],"wp:term":[{"taxonomy":"category","embeddable":true,"href":"https:\/\/www.europesays.com\/lv\/wp-json\/wp\/v2\/categories?post=110553"},{"taxonomy":"post_tag","embeddable":true,"href":"https:\/\/www.europesays.com\/lv\/wp-json\/wp\/v2\/tags?post=110553"}],"curies":[{"name":"wp","href":"https:\/\/api.w.org\/{rel}","templated":true}]}}