{"id":110587,"date":"2026-01-22T04:18:10","date_gmt":"2026-01-22T04:18:10","guid":{"rendered":"https:\/\/www.europesays.com\/lv\/110587\/"},"modified":"2026-01-22T04:18:10","modified_gmt":"2026-01-22T04:18:10","slug":"mode-atvadas-no-pedeja-imperatora-miris-valentino-garavani-lente-lv","status":"publish","type":"post","link":"https:\/\/www.europesays.com\/lv\/110587\/","title":{"rendered":"Mode atvad\u0101s no &#8220;p\u0113d\u0113j\u0101 imperatora&#8221;: miris Valentino Garavani\u00a0\u2014\u00a0Lente.lv"},"content":{"rendered":"<p>Valent\u012bno \u2013 modes nemirst\u012bg\u0101 ikona<\/p>\n<p>Pasauli p\u0101r\u0161alcusi skumja v\u0113sts \u2013 2026. gada 19. janv\u0101r\u012b 93 gadu vecum\u0101 miris le\u0123end\u0101rais it\u0101\u013cu modes dizainers Valentino Garavani, pla\u0161\u0101k paz\u012bstams vienk\u0101r\u0161i k\u0101 Valentino. K\u0101 inform\u0113 Latvijas Sabiedriskie Mediji, vi\u0146a aizie\u0161ana nosl\u0113dz veselu \u0113ru modes pasaul\u0113, kur\u0101 karalisko eleganci un izsmalcin\u0101tu dizainu iemiesoja viena no ietekm\u012bg\u0101kaj\u0101m person\u012bb\u0101m starptautiskaj\u0101 modes industrij\u0101. Valentino v\u0101rds gadu desmitiem bijis sinon\u012bms augstajai modei, nevainojamam stilam un ikoniskajai sarkanajai kr\u0101sai, kas k\u013cuvusi par dizainera neat\u0146emamu z\u012bmolu.<\/p>\n<p>Ce\u013c\u0161 uz modes virsotn\u0113m un &#8220;Valentino sarkan\u0101&#8221; fenomens<\/p>\n<p>Dzimis 1932. gad\u0101 Vogher\u0101, It\u0101lij\u0101, Valentino Garavani jau jaun\u012bb\u0101 ap\u0146\u0113m\u0101s velt\u012bt sevi skaistumam. Vi\u0146a ce\u013c\u0161 modes pasaul\u0113 s\u0101k\u0101s ar apm\u0101c\u012bb\u0101m Par\u012bz\u0113 pie modes namiem \u201cJean Dess\u00e8s\u201d un \u201cGuy Laroche\u201d, kur tika apg\u016bta fran\u010du augst\u0101s modes discipl\u012bna un t\u0113rpu konstru\u0113\u0161anas principi. 1959. gad\u0101, atgriezies Rom\u0101, vi\u0146\u0161 kop\u0101 ar savu dz\u012bvesbiedru un ilgad\u0113jo partneri D\u017eankarlo D\u017eameti nodibin\u0101ja modes namu \u201cValentino\u201d. K\u0101 viens no retajiem it\u0101\u013cu namiem, tas veiksm\u012bgi apvienoja Romas \u201cAlta Moda\u201d trad\u012bcijas ar regul\u0101r\u0101m kolekciju prezent\u0101cij\u0101m Par\u012bzes \u201chaute couture\u201d kalend\u0101r\u0101. Dizainera karjeras s\u0101kum\u0101 \u012bpa\u0161i izc\u0113l\u0101s vi\u0146a sarkan\u0101s kleitas pies\u0101tin\u0101taj\u0101 ton\u012b, kas \u0101tri vien ieguva atpaz\u012bstam\u012bbu k\u0101 \u201cValentino sarkanais\u201d \u2013 simbols kaislei, sp\u0113kam un neatk\u0101rtojamai elegancei. \u0160\u012b kr\u0101sa k\u013cuva par dizainera parakstu, ko vi\u0146\u0161 iem\u012b\u013cojis uz visiem laikiem.<\/p>\n<p>Elegance k\u0101 discipl\u012bna un k\u0101rt\u012bba<\/p>\n<p>Valent\u012bno Garavani pieder\u0113ja tai dizaineru paaudzei, kurai mode bija pirmk\u0101rt jau discipl\u012bna. Vi\u0146a darbu nevirz\u012bja inov\u0101cijas vai provok\u0101cija, bet gan struktur\u0113ta pieeja, proporcijas un p\u0101rliec\u012bba, ka elegancei piem\u012bt funkcion\u0101la, nevis dekorat\u012bva v\u0113rt\u012bba. Dizainera filozofija balst\u012bj\u0101s uz konsekventu nep\u0101rtraukt\u012bbu, kas padar\u012bja vi\u0146a darbu gan at\u0161\u0137ir\u012bgu, gan notur\u012bgu pret modes p\u0101rmai\u0146\u0101m. K\u0101 nor\u0101d\u012bjis modes nams sav\u0101 pazi\u0146ojum\u0101, Valent\u012bno uzskat\u012bja, ka skaistumam piem\u012bt sp\u0113ja p\u0101rdz\u012bvot laiku. Vi\u0146a izpratn\u0113 elegance nebija grezn\u012bba vai rot\u0101jums, bet gan k\u0101rt\u012bbas forma \u2013 veids, k\u0101 mierpilni un dro\u0161i past\u0101v\u0113t pasaul\u0113. \u0160\u012b pieeja rad\u012bja dzi\u013cu rezonansi ar klient\u0113m, kuras mekl\u0113ja nosv\u0113rt\u012bbu un p\u0101rliec\u012bbu sav\u0101 publiskaj\u0101 t\u0113l\u0101.<\/p>\n<p>Ikoniski klienti un Valentino mantojums<\/p>\n<p>Valent\u012bno rad\u012btos t\u0113rpus valk\u0101ju\u0161as daudzas pasaules ietekm\u012bg\u0101k\u0101s sievietes, tostarp \u017dakl\u012bna Kenedija Onasi, Elizabete Teilore, Odrija Hepberna, Sofija Lorena un princese Di\u0101na. Vi\u0146a dizainu precizit\u0101te, r\u016bp\u012bgi izv\u0113l\u0113tie audumi un kontrol\u0113tais dekors k\u013cuva par vi\u0146a stila z\u012bmoliem. Modele D\u017e\u016blija Robertsa 2001. gad\u0101 uz \u201cOskara\u201d balvu pasnieg\u0161anas ceremonijas sarkano pakl\u0101ju ierad\u0101s vintage \u201cValentino\u201d kleit\u0101, kas k\u013cuva par vienu no ikonisk\u0101kajiem mirk\u013ciem modes v\u0113stur\u0113. Valentino Garavani no akt\u012bv\u0101s rado\u0161\u0101s vad\u012bbas atk\u0101p\u0101s 2007. gad\u0101, bet vi\u0146a modes nams turpin\u0101ja att\u012bst\u012bties un kopt dizainera iedibin\u0101to rokrakstu. Modes kriti\u0137i un v\u0113sturnieki Valentino ierindo l\u012bdz\u0101s t\u0101diem modes gigantiem k\u0101 D\u017eord\u017eo Armani un Karls L\u0101gerfelds, uzsverot vi\u0146a k\u0101 viena no p\u0113d\u0113jiem \u201cvec\u0101s skolas\u201d meistariem noz\u012bmi, kur\u0161 modes pasauli veidojis ar m\u0101kslinieka sirdi. Valent\u012bno Garavani mantojums turpin\u0101s dz\u012bvot vi\u0146a rad\u012btajos t\u0113rpos, muzejos un n\u0101kamaj\u0101s dizaineru paaudz\u0113s, kuras mekl\u0113 iedvesmu vi\u0146a neatk\u0101rtojamaj\u0101s l\u012bnij\u0101s un ikoniskaj\u0101 sarkanaj\u0101 kr\u0101s\u0101.<\/p>\n<p>Atvad\u012b\u0161an\u0101s no modes le\u0123endas<\/p>\n<p>Valent\u012bno Garavani m\u016b\u017e\u012bb\u0101 devies sav\u0101 Romas rezidenc\u0113, tuvinieku un m\u012b\u013coto cilv\u0113ku lok\u0101. Atvad\u012b\u0161an\u0101s no le\u0123end\u0101r\u0101 dizainera notika Rom\u0101, kur 21. un 22. janv\u0101r\u012b bija iesp\u0113ja kl\u0101tien\u0113 apl\u016bkot vi\u0146a piemi\u0146ai velt\u012bto ekspoz\u012bciju Piazza Mignanelli laukum\u0101. B\u0113ru ceremonija norisin\u0101j\u0101s 23. janv\u0101r\u012b Sv\u0113t\u0101s Marijas E\u0146\u0123e\u013cu un Mocek\u013cu bazilik\u0101. It\u0101lijas premjerministre D\u017eord\u017ea Meloni publiski apliecin\u0101ja cie\u0146u dizaineram, uzsverot, ka vi\u0146\u0161 uz visiem laikiem paliks it\u0101\u013cu augst\u0101s modes simbols. \u201c\u0160odien It\u0101lija zaud\u0113 le\u0123endu, bet vi\u0146a mantojums turpin\u0101s iedvesmot vair\u0101kas paaudzes,\u201d rakst\u012bja Meloni.<\/p>\n","protected":false},"excerpt":{"rendered":"Valent\u012bno \u2013 modes nemirst\u012bg\u0101 ikona Pasauli p\u0101r\u0161alcusi skumja v\u0113sts \u2013 2026. gada 19. janv\u0101r\u012b 93 gadu vecum\u0101 miris&hellip;\n","protected":false},"author":2,"featured_media":110588,"comment_status":"","ping_status":"","sticky":false,"template":"","format":"standard","meta":{"footnotes":""},"categories":[19],"tags":[26078,26077,89,90,35,39,38,36,37,34,40,175,10765,25917],"class_list":{"0":"post-110587","1":"post","2":"type-post","3":"status-publish","4":"format-standard","5":"has-post-thumbnail","7":"category-izklaide","8":"tag-augsta-mode","9":"tag-dizainers","10":"tag-entertainment","11":"tag-izklaide","12":"tag-latvia","13":"tag-latvian","14":"tag-latviesu","15":"tag-latviesu-valoda","16":"tag-latviesuvaloda","17":"tag-latvija","18":"tag-lv","19":"tag-mode","20":"tag-modes-vesture","21":"tag-valentino-garavani"},"share_on_mastodon":{"url":"https:\/\/pubeurope.com\/@lv\/115936827967132367","error":""},"_links":{"self":[{"href":"https:\/\/www.europesays.com\/lv\/wp-json\/wp\/v2\/posts\/110587","targetHints":{"allow":["GET"]}}],"collection":[{"href":"https:\/\/www.europesays.com\/lv\/wp-json\/wp\/v2\/posts"}],"about":[{"href":"https:\/\/www.europesays.com\/lv\/wp-json\/wp\/v2\/types\/post"}],"author":[{"embeddable":true,"href":"https:\/\/www.europesays.com\/lv\/wp-json\/wp\/v2\/users\/2"}],"replies":[{"embeddable":true,"href":"https:\/\/www.europesays.com\/lv\/wp-json\/wp\/v2\/comments?post=110587"}],"version-history":[{"count":0,"href":"https:\/\/www.europesays.com\/lv\/wp-json\/wp\/v2\/posts\/110587\/revisions"}],"wp:featuredmedia":[{"embeddable":true,"href":"https:\/\/www.europesays.com\/lv\/wp-json\/wp\/v2\/media\/110588"}],"wp:attachment":[{"href":"https:\/\/www.europesays.com\/lv\/wp-json\/wp\/v2\/media?parent=110587"}],"wp:term":[{"taxonomy":"category","embeddable":true,"href":"https:\/\/www.europesays.com\/lv\/wp-json\/wp\/v2\/categories?post=110587"},{"taxonomy":"post_tag","embeddable":true,"href":"https:\/\/www.europesays.com\/lv\/wp-json\/wp\/v2\/tags?post=110587"}],"curies":[{"name":"wp","href":"https:\/\/api.w.org\/{rel}","templated":true}]}}