{"id":110610,"date":"2026-01-22T05:28:07","date_gmt":"2026-01-22T05:28:07","guid":{"rendered":"https:\/\/www.europesays.com\/lv\/110610\/"},"modified":"2026-01-22T05:28:07","modified_gmt":"2026-01-22T05:28:07","slug":"latvija-daudzviet-apledojums-autobraucejiem-jabut-uzmanigiem","status":"publish","type":"post","link":"https:\/\/www.europesays.com\/lv\/110610\/","title":{"rendered":"Latvij\u0101 daudzviet apledojums, autobrauc\u0113jiem j\u0101b\u016bt uzman\u012bgiem"},"content":{"rendered":"<p>Slidenos un sniegotos ce\u013cu posmus t\u012bra un kaisa ar pretsl\u012bdes materi\u0101liem. Lai uzlabotu brauk\u0161anas apst\u0101k\u013cus, ce\u013cu uztur\u0113\u0161anas darbos iesaist\u012btas 107 ziemas dienesta tehnikas vien\u012bbas.<\/p>\n<p>Apgr\u016btin\u0101ti brauk\u0161anas apst\u0101k\u013ci uz valsts galvenajiem autoce\u013ciem ir uz Tallinas \u0161osejas (A1) posm\u0101 no Zvejniekciema stacijas l\u012bdz Aina\u017eiem, Vidzemes \u0161osejas (A2) posm\u0101 no Vire\u0161iem l\u012bdz Veclaicenei, R\u012bgas apvedce\u013ca (Salaspils-Bab\u012bte) (A5), Daugavpils \u0161osejas (A6) posm\u0101 no Saulkalnes l\u012bdz Paterniekiem, Bauskas \u0161osejas (A7) posm\u0101 no \u0136ekavas apvedce\u013ca l\u012bdz Grenct\u0101lei, Jelgavas \u0161osejas (A8), Liep\u0101jas \u0161osejas (A9) posm\u0101 no R\u012bgas l\u012bdz Ap\u0161upes krustojumam, Ventspils \u0161osejas (A10) posmos no R\u012bgas l\u012bdz K\u016bdrai un no Strazdes l\u012bdz Ventspilij, R\u0113zeknes \u0161oseja (A12) vis\u0101 posm\u0101, autoce\u013ca Krievijas robe\u017ea (Greb\u0146eva) &#8211; R\u0113zekne &#8211; Daugavpils &#8211; Lietuvas robe\u017ea (Medumi) (A13) posmos no Greb\u0146evas l\u012bdz Ru\u0161e\u0146icai un no \u0160po\u0123iem l\u012bdz Medumiem, Daugavpils apvedce\u013ca (A14), R\u0113zeknes apvedce\u013ca (A15) un \u0161osejas T\u012bn\u016b\u017ei-Koknese (P80) posm\u0101 no T\u012bn\u016b\u017eiem l\u012bdz Skr\u012bveru pagriezienam.<\/p>\n<p>Uz re\u0123ion\u0101lajiem autoce\u013ciem apgr\u016btin\u0101ta brauk\u0161ana ir vis\u0101 Latvij\u0101, iz\u0146emot C\u0113su, Valmieras, Limba\u017eu, Valkas, Daugavpils un Balvu apk\u0101rtnes.<\/p>\n<p>Autovad\u012bt\u0101ji aicin\u0101ti r\u0113\u0137in\u0101ties ar laikapst\u0101k\u013ciem, pl\u0101nojot braucienus, atv\u0113l\u0113t papildu laiku ce\u013cam, izv\u0113l\u0113ties brauk\u0161anas \u0101trumu, kas atbilst ce\u013cu seguma st\u0101voklim, k\u0101 ar\u012b dro\u0161u distanci.<\/p>\n","protected":false},"excerpt":{"rendered":"Slidenos un sniegotos ce\u013cu posmus t\u012bra un kaisa ar pretsl\u012bdes materi\u0101liem. Lai uzlabotu brauk\u0161anas apst\u0101k\u013cus, ce\u013cu uztur\u0113\u0161anas darbos&hellip;\n","protected":false},"author":2,"featured_media":110611,"comment_status":"","ping_status":"","sticky":false,"template":"","format":"standard","meta":{"footnotes":""},"categories":[12],"tags":[5869,23,65,28,29,32,33,22,397,30,31,35,39,38,36,37,34,40,20,26,27,24,25,21],"class_list":{"0":"post-110610","1":"post","2":"type-post","3":"status-publish","4":"format-standard","5":"has-post-thumbnail","7":"category-latvija","8":"tag-ziema","9":"tag-aktualitates","10":"tag-auto","11":"tag-breaking-news","12":"tag-breakingnews","13":"tag-featured-news","14":"tag-featurednews","15":"tag-headlines","16":"tag-laikapstakli","17":"tag-latest-news","18":"tag-latestnews","19":"tag-latvia","20":"tag-latvian","21":"tag-latviesu","22":"tag-latviesu-valoda","23":"tag-latviesuvaloda","24":"tag-latvija","25":"tag-lv","26":"tag-news","27":"tag-popularakas-zinas","28":"tag-popularakaszinas","29":"tag-top-stories","30":"tag-topstories","31":"tag-zinas"},"share_on_mastodon":{"url":"https:\/\/pubeurope.com\/@lv\/115937103269975389","error":""},"_links":{"self":[{"href":"https:\/\/www.europesays.com\/lv\/wp-json\/wp\/v2\/posts\/110610","targetHints":{"allow":["GET"]}}],"collection":[{"href":"https:\/\/www.europesays.com\/lv\/wp-json\/wp\/v2\/posts"}],"about":[{"href":"https:\/\/www.europesays.com\/lv\/wp-json\/wp\/v2\/types\/post"}],"author":[{"embeddable":true,"href":"https:\/\/www.europesays.com\/lv\/wp-json\/wp\/v2\/users\/2"}],"replies":[{"embeddable":true,"href":"https:\/\/www.europesays.com\/lv\/wp-json\/wp\/v2\/comments?post=110610"}],"version-history":[{"count":0,"href":"https:\/\/www.europesays.com\/lv\/wp-json\/wp\/v2\/posts\/110610\/revisions"}],"wp:featuredmedia":[{"embeddable":true,"href":"https:\/\/www.europesays.com\/lv\/wp-json\/wp\/v2\/media\/110611"}],"wp:attachment":[{"href":"https:\/\/www.europesays.com\/lv\/wp-json\/wp\/v2\/media?parent=110610"}],"wp:term":[{"taxonomy":"category","embeddable":true,"href":"https:\/\/www.europesays.com\/lv\/wp-json\/wp\/v2\/categories?post=110610"},{"taxonomy":"post_tag","embeddable":true,"href":"https:\/\/www.europesays.com\/lv\/wp-json\/wp\/v2\/tags?post=110610"}],"curies":[{"name":"wp","href":"https:\/\/api.w.org\/{rel}","templated":true}]}}