{"id":110688,"date":"2026-01-22T07:45:07","date_gmt":"2026-01-22T07:45:07","guid":{"rendered":"https:\/\/www.europesays.com\/lv\/110688\/"},"modified":"2026-01-22T07:45:07","modified_gmt":"2026-01-22T07:45:07","slug":"zinams-kadi-rites-priekslikumi-nomierinaja-trampu-grenlandes-jautajuma","status":"publish","type":"post","link":"https:\/\/www.europesays.com\/lv\/110688\/","title":{"rendered":"Zin\u0101ms, k\u0101di Rites priek\u0161likumi nomierin\u0101ja Trampu Grenlandes jaut\u0101jum\u0101"},"content":{"rendered":"<p>Rites rosin\u0101tais pl\u0101ns \u013cauj <a href=\"https:\/\/www.tvnet.lv\/term\/555410\/asv\" class=\"topicLink\" target=\"_blank\" rel=\"nofollow noopener\">ASV<\/a> sasniegt savus strat\u0113\u0123iskos m\u0113r\u0137us, ofici\u0101li teritorijas Va\u0161ingtonas kontrol\u0113 nenododot.<\/p>\n<p>Trampa tonis p\u0113c tik\u0161an\u0101s ar <a href=\"https:\/\/www.tvnet.lv\/term\/9898\/nato\" class=\"topicLink\" target=\"_blank\" rel=\"nofollow noopener\">NATO<\/a> vad\u012bt\u0101ju ir b\u016btiski main\u012bjies.<\/p>\n<p>Saska\u0146\u0101 ar neofici\u0101l\u0101m zi\u0146\u0101m pl\u0101ns neietver suverenit\u0101tes nodo\u0161anu, ta\u010du taj\u0101 ir iek\u013cauti vair\u0101ki svar\u012bgi punkti.<\/p>\n<p>Attiec\u012bb\u0101 uz milit\u0101ro kl\u0101tb\u016btni paredz\u0113ta 1951. gada aizsardz\u012bbas l\u012bguma atjaunin\u0101\u0161ana, lai \u013cautu papla\u0161in\u0101t ASV b\u0101zes.<\/p>\n<blockquote class=\"quote ck-widget\" contenteditable=\"false\">\n<p>Iecer\u0113ta &#8220;zelta kupola&#8221; sist\u0113ma &#8211; modernas pretra\u0137e\u0161u aizsardz\u012bbas izvieto\u0161ana Grenland\u0113, lai nov\u0113rstu draudus no Krievijas un \u0136\u012bnas.<\/p>\n<\/blockquote>\n<p>Savuk\u0101rt attiec\u012bb\u0101 uz resursiem un dro\u0161\u012bbu tiks pastiprin\u0101ts darbs pie salas izejvielu kr\u0101jumiem un \u012bstenotas NATO &#8220;septi\u0146u Arktikas sabiedroto&#8221; kop\u012bgas patru\u013cas Arktik\u0101.<\/p>\n<p>Balt\u0101 nama preses sekret\u0101re Kerolaina Levita pauda, ka ASV cer sasniegt visus strat\u0113\u0123iskos m\u0113r\u0137us &#8220;par \u013coti mazu naudu&#8221;.<\/p>\n<p>Lai gan Tramps izvair\u012bj\u0101s no tie\u0161as atbildes uz jaut\u0101jumu, vai <a href=\"https:\/\/www.tvnet.lv\/term\/556529\/grenlande\" class=\"topicLink\" target=\"_blank\" rel=\"nofollow noopener\">Grenlande<\/a> paliks D\u0101nijas sast\u0101v\u0101, Rite sac\u012bja, ka jaut\u0101jums par salas pieder\u012bbas mai\u0146u san\u0101ksm\u0113 &#8220;visp\u0101r netika skarts&#8221;.<\/p>\n<p>Sagaid\u0101ms, ka ofici\u0101las augsta l\u012bme\u0146a sarunas starp ASV, D\u0101niju un Grenlandi s\u0101ksies tuv\u0101kaj\u0101s ned\u0113\u013c\u0101s.<\/p>\n","protected":false},"excerpt":{"rendered":"Rites rosin\u0101tais pl\u0101ns \u013cauj ASV sasniegt savus strat\u0113\u0123iskos m\u0113r\u0137us, ofici\u0101li teritorijas Va\u0161ingtonas kontrol\u0113 nenododot. Trampa tonis p\u0113c tik\u0161an\u0101s&hellip;\n","protected":false},"author":2,"featured_media":110689,"comment_status":"","ping_status":"","sticky":false,"template":"","format":"standard","meta":{"footnotes":""},"categories":[14],"tags":[23,57,292,28,29,1418,542,32,33,20878,22,30,31,35,39,38,36,37,34,40,3652,71,20,26,27,24,25,54,55,56,21,58],"class_list":{"0":"post-110688","1":"post","2":"type-post","3":"status-publish","4":"format-standard","5":"has-post-thumbnail","7":"category-zinas-no-arvalstim","8":"tag-aktualitates","9":"tag-arvalstim","10":"tag-asv","11":"tag-breaking-news","12":"tag-breakingnews","13":"tag-danija","14":"tag-donalds-tramps","15":"tag-featured-news","16":"tag-featurednews","17":"tag-grenlande","18":"tag-headlines","19":"tag-latest-news","20":"tag-latestnews","21":"tag-latvia","22":"tag-latvian","23":"tag-latviesu","24":"tag-latviesu-valoda","25":"tag-latviesuvaloda","26":"tag-latvija","27":"tag-lv","28":"tag-marks-rite","29":"tag-nato","30":"tag-news","31":"tag-popularakas-zinas","32":"tag-popularakaszinas","33":"tag-top-stories","34":"tag-topstories","35":"tag-world","36":"tag-world-news","37":"tag-worldnews","38":"tag-zinas","39":"tag-zinas-no-arvalstim"},"share_on_mastodon":{"url":"https:\/\/pubeurope.com\/@lv\/115937642042013473","error":""},"_links":{"self":[{"href":"https:\/\/www.europesays.com\/lv\/wp-json\/wp\/v2\/posts\/110688","targetHints":{"allow":["GET"]}}],"collection":[{"href":"https:\/\/www.europesays.com\/lv\/wp-json\/wp\/v2\/posts"}],"about":[{"href":"https:\/\/www.europesays.com\/lv\/wp-json\/wp\/v2\/types\/post"}],"author":[{"embeddable":true,"href":"https:\/\/www.europesays.com\/lv\/wp-json\/wp\/v2\/users\/2"}],"replies":[{"embeddable":true,"href":"https:\/\/www.europesays.com\/lv\/wp-json\/wp\/v2\/comments?post=110688"}],"version-history":[{"count":0,"href":"https:\/\/www.europesays.com\/lv\/wp-json\/wp\/v2\/posts\/110688\/revisions"}],"wp:featuredmedia":[{"embeddable":true,"href":"https:\/\/www.europesays.com\/lv\/wp-json\/wp\/v2\/media\/110689"}],"wp:attachment":[{"href":"https:\/\/www.europesays.com\/lv\/wp-json\/wp\/v2\/media?parent=110688"}],"wp:term":[{"taxonomy":"category","embeddable":true,"href":"https:\/\/www.europesays.com\/lv\/wp-json\/wp\/v2\/categories?post=110688"},{"taxonomy":"post_tag","embeddable":true,"href":"https:\/\/www.europesays.com\/lv\/wp-json\/wp\/v2\/tags?post=110688"}],"curies":[{"name":"wp","href":"https:\/\/api.w.org\/{rel}","templated":true}]}}