{"id":110845,"date":"2026-01-22T10:47:09","date_gmt":"2026-01-22T10:47:09","guid":{"rendered":"https:\/\/www.europesays.com\/lv\/110845\/"},"modified":"2026-01-22T10:47:09","modified_gmt":"2026-01-22T10:47:09","slug":"ostapenko-atgriezas-uz-zaudejumu-takas-un-izkrit-no-australijas-atklata-cempionata","status":"publish","type":"post","link":"https:\/\/www.europesays.com\/lv\/110845\/","title":{"rendered":"Ostapenko atgrie\u017eas uz zaud\u0113jumu takas un izkr\u012bt no Austr\u0101lijas atkl\u0101t\u0101 \u010dempion\u0101ta"},"content":{"rendered":"<p>Ostapenko WTA rang\u0101 ie\u0146em 24. vietu un izs\u0113ta turn\u012br\u0101 ar t\u0101du pa\u0161u numuru, bet \u0137\u012bniete rang\u0101 ierindojas 46. poz\u012bcij\u0101.<\/p>\n<p>Zaud\u0113jot otraj\u0101 k\u0101rt\u0101, Ostapenko sacens\u012bbas nosl\u0113dza ar 70 ranga punktiem.<\/p>\n<p>Abas tenisistes kort\u0101 tiku\u0161\u0101s iepriek\u0161 divas reizes. Pag\u0101ju\u0161aj\u0101 sezon\u0101 Indianvelsas &#8220;WTA 1000&#8221; turn\u012bra otraj\u0101 k\u0101rt\u0101 divu setu c\u012b\u0146\u0101 p\u0101r\u0101ka bija Vana.<\/p>\n<p>Latvijas tenisiste pirm\u0101s k\u0101rtas c\u012b\u0146\u0101 ar 6-4, 6-4 pieveica slov\u0101kieti Rebeku \u0160ramkovu (WTA 73.). \u0136\u012bnas p\u0101rst\u0101ve ar 6-3, 6-3 p\u0101rsp\u0113ja kvalifik\u0101ciju p\u0101rvar\u0113ju\u0161o ukrainieti Anhelinu Ka\u013ci\u0146inu (WTA 178.).<\/p>\n<p>Ostapenko &#8220;Australian Open&#8221; piedal\u012bj\u0101s 11. reizi, un lab\u0101kais vi\u0146as rezult\u0101ts viensp\u0113l\u0113s ir ceturtda\u013cfin\u0101la sasnieg\u0161ana 2023. gad\u0101. P\u0113rn vi\u0146a viensp\u0113l\u0113s izst\u0101j\u0101s pirmaj\u0101 k\u0101rt\u0101, bet dubultsp\u0113l\u0113s otro gadu p\u0113c k\u0101rtas sasniedza fin\u0101lu.<\/p>\n<p>Savuk\u0101rt Vana sezonas pirmaj\u0101 &#8220;Grand Slam&#8221; turn\u012br\u0101 c\u012bn\u0101s astoto reizi. Vi\u0146a nekad iepriek\u0161 nav p\u0101rvar\u0113jusi otro k\u0101rtu, iepriek\u0161\u0113jos divos turn\u012bros izst\u0101joties jau pirmaj\u0101 k\u0101rt\u0101.<\/p>\n<p>Ostapenko sezonas pirmaj\u0101 &#8220;Grand Slam&#8221; piedal\u0101s ar\u012b dubultsp\u0113l\u0113s, kur p\u0101r\u012b ar taiv\u0101nieti Suveju Sji ir izliktas ar tre\u0161o numuru. Latvijas un Taiv\u0101nas duets sasniedza otro k\u0101rtu, kur\u0101 pretinieces b\u016bs serbiete Olga Danilovi\u010da un Austrijas p\u0101rst\u0101ve Anastasija Potapova.<\/p>\n<p>Jau zi\u0146ots, ka pag\u0101ju\u0161aj\u0101 ned\u0113\u013c\u0101 Austr\u0101lijas atkl\u0101t\u0101 \u010dempion\u0101ta kvalifik\u0101ciju nep\u0101rvar\u0113ja Anastasija Sevastova (WTA 186.), bet Latvijas otr\u0101 rakete Darja Seme\u0146istaja (WTA 98.) pirmdien ar 3-6, 0-6 zaud\u0113ja ranga 13. poz\u012bcijas \u012bpa\u0161niecei \u010dehietei Lindai Noskovai.<\/p>\n<p>P\u0113rn par Austr\u0101lijas atkl\u0101t\u0101 tenisa \u010dempion\u0101ta uzvar\u0113t\u0101ju sievie\u0161u viensp\u0113l\u0113s k\u013cuva amerik\u0101niete Medisona K\u012bza.<\/p>\n","protected":false},"excerpt":{"rendered":"Ostapenko WTA rang\u0101 ie\u0146em 24. vietu un izs\u0113ta turn\u012br\u0101 ar t\u0101du pa\u0161u numuru, bet \u0137\u012bniete rang\u0101 ierindojas 46.&hellip;\n","protected":false},"author":2,"featured_media":110846,"comment_status":"","ping_status":"","sticky":false,"template":"","format":"standard","meta":{"footnotes":""},"categories":[5],"tags":[23,680,28,29,32,33,22,30,31,35,39,38,36,37,34,40,20,26,27,683,24,25,21],"class_list":{"0":"post-110845","1":"post","2":"type-post","3":"status-publish","4":"format-standard","5":"has-post-thumbnail","7":"category-aktualitates","8":"tag-aktualitates","9":"tag-alona-ostapenko","10":"tag-breaking-news","11":"tag-breakingnews","12":"tag-featured-news","13":"tag-featurednews","14":"tag-headlines","15":"tag-latest-news","16":"tag-latestnews","17":"tag-latvia","18":"tag-latvian","19":"tag-latviesu","20":"tag-latviesu-valoda","21":"tag-latviesuvaloda","22":"tag-latvija","23":"tag-lv","24":"tag-news","25":"tag-popularakas-zinas","26":"tag-popularakaszinas","27":"tag-teniss","28":"tag-top-stories","29":"tag-topstories","30":"tag-zinas"},"share_on_mastodon":{"url":"https:\/\/pubeurope.com\/@lv\/115938357757437387","error":""},"_links":{"self":[{"href":"https:\/\/www.europesays.com\/lv\/wp-json\/wp\/v2\/posts\/110845","targetHints":{"allow":["GET"]}}],"collection":[{"href":"https:\/\/www.europesays.com\/lv\/wp-json\/wp\/v2\/posts"}],"about":[{"href":"https:\/\/www.europesays.com\/lv\/wp-json\/wp\/v2\/types\/post"}],"author":[{"embeddable":true,"href":"https:\/\/www.europesays.com\/lv\/wp-json\/wp\/v2\/users\/2"}],"replies":[{"embeddable":true,"href":"https:\/\/www.europesays.com\/lv\/wp-json\/wp\/v2\/comments?post=110845"}],"version-history":[{"count":0,"href":"https:\/\/www.europesays.com\/lv\/wp-json\/wp\/v2\/posts\/110845\/revisions"}],"wp:featuredmedia":[{"embeddable":true,"href":"https:\/\/www.europesays.com\/lv\/wp-json\/wp\/v2\/media\/110846"}],"wp:attachment":[{"href":"https:\/\/www.europesays.com\/lv\/wp-json\/wp\/v2\/media?parent=110845"}],"wp:term":[{"taxonomy":"category","embeddable":true,"href":"https:\/\/www.europesays.com\/lv\/wp-json\/wp\/v2\/categories?post=110845"},{"taxonomy":"post_tag","embeddable":true,"href":"https:\/\/www.europesays.com\/lv\/wp-json\/wp\/v2\/tags?post=110845"}],"curies":[{"name":"wp","href":"https:\/\/api.w.org\/{rel}","templated":true}]}}