{"id":110872,"date":"2026-01-22T11:29:08","date_gmt":"2026-01-22T11:29:08","guid":{"rendered":"https:\/\/www.europesays.com\/lv\/110872\/"},"modified":"2026-01-22T11:29:08","modified_gmt":"2026-01-22T11:29:08","slug":"ugunsgreka-kuldigas-novada-boja-gajis-cilveks","status":"publish","type":"post","link":"https:\/\/www.europesays.com\/lv\/110872\/","title":{"rendered":"Ugunsgr\u0113k\u0101 Kuld\u012bgas novad\u0101 boj\u0101 g\u0101jis cilv\u0113ks"},"content":{"rendered":"<p>Savuk\u0101rt plkst. 21.48 sa\u0146emts izsaukums uz G\u0101les ielu R\u012bg\u0101. Notikuma viet\u0101 dega divst\u0101vu koka dz\u012bvojam\u0101 m\u0101jas pirmais st\u0101vs 230 m2 plat\u012bb\u0101, otrais st\u0101vs 200 m2 plat\u012bb\u0101, ka ar\u012b jumts 300 m2 plat\u012bb\u0101. Pirms VUGD iera\u0161an\u0101s no \u0113kas evaku\u0113j\u0101s cilv\u0113ks. Neilgi p\u0113c asto\u0146iem ceturtdienas r\u012bt\u0101 \u0161is paaugstin\u0101tas b\u012bstam\u012bbas ugunsgr\u0113ks likvid\u0113ts.<\/p>\n<p>\u0160onakt plkst. 1.29 sa\u0146emts izsaukums uz Kuld\u012bgas novadu, kur ar atkl\u0101tu liesmu dega divst\u0101vu dz\u012bvojam\u0101 m\u0101ja. Pirms VUGD iera\u0161an\u0101s no \u0113kas evaku\u0113j\u0101s divi cilv\u0113ki. Vienu cilv\u0113ku, kas bija cietis, ugunsdz\u0113s\u0113ji izgl\u0101ba no \u0113kas otr\u0101 st\u0101va, izmantojot tr\u012bsposmu izb\u012bdam\u0101s k\u0101pnes, un nodeva NMPD medi\u0137iem, bet viens cilv\u0113ks ugunsgr\u0113k\u0101 g\u0101ja boj\u0101.<\/p>\n<p>Ugunsgr\u0113ks, kur\u0101 dega dz\u012bvojam\u0101s m\u0101jas otrais st\u0101vs un jumts 400 m2 plat\u012bb\u0101, plkst. 6.06 lokaliz\u0113ts un patlaban turpin\u0101s ugunsdz\u0113s\u0113ju darbs notikuma viet\u0101.<\/p>\n<p>Aizvad\u012btaj\u0101 diennakt\u012b ugunsdz\u0113s\u0113ji dev\u0101s ar\u012b uz izsaukumiem, kuros dega saimniec\u012bbas \u0113ka, viegl\u0101 automa\u0161\u012bna, gar\u0101\u017ea, atkritumi, malka, bez uzraudz\u012bbas atst\u0101ts \u0113diens, dz\u012bvojam\u0101s m\u0101jas d\u016bmvad\u0101 sodr\u0113ji, atkritumu konteiners, vadi.<\/p>\n<p>Pag\u0101ju\u0161aj\u0101 diennakt\u012b VUGD sa\u0146\u0113ma kopum\u0101 55 izsaukumus &#8211; 16 uz ugunsgr\u0113ku dz\u0113\u0161anu, 25 uz gl\u0101b\u0161anas darbiem, bet 14 izsaukumi bija maldin\u0101jumi.<\/p>\n","protected":false},"excerpt":{"rendered":"Savuk\u0101rt plkst. 21.48 sa\u0146emts izsaukums uz G\u0101les ielu R\u012bg\u0101. Notikuma viet\u0101 dega divst\u0101vu koka dz\u012bvojam\u0101 m\u0101jas pirmais st\u0101vs&hellip;\n","protected":false},"author":2,"featured_media":45536,"comment_status":"","ping_status":"","sticky":false,"template":"","format":"standard","meta":{"footnotes":""},"categories":[5],"tags":[23,28,29,32,33,22,30,31,35,39,38,36,37,34,40,20,26,27,24,25,377,138,4908,21],"class_list":{"0":"post-110872","1":"post","2":"type-post","3":"status-publish","4":"format-standard","5":"has-post-thumbnail","7":"category-aktualitates","8":"tag-aktualitates","9":"tag-breaking-news","10":"tag-breakingnews","11":"tag-featured-news","12":"tag-featurednews","13":"tag-headlines","14":"tag-latest-news","15":"tag-latestnews","16":"tag-latvia","17":"tag-latvian","18":"tag-latviesu","19":"tag-latviesu-valoda","20":"tag-latviesuvaloda","21":"tag-latvija","22":"tag-lv","23":"tag-news","24":"tag-popularakas-zinas","25":"tag-popularakaszinas","26":"tag-top-stories","27":"tag-topstories","28":"tag-ugunsgreks","29":"tag-valsts-policija","30":"tag-vugd","31":"tag-zinas"},"share_on_mastodon":{"url":"https:\/\/pubeurope.com\/@lv\/115938522735023550","error":""},"_links":{"self":[{"href":"https:\/\/www.europesays.com\/lv\/wp-json\/wp\/v2\/posts\/110872","targetHints":{"allow":["GET"]}}],"collection":[{"href":"https:\/\/www.europesays.com\/lv\/wp-json\/wp\/v2\/posts"}],"about":[{"href":"https:\/\/www.europesays.com\/lv\/wp-json\/wp\/v2\/types\/post"}],"author":[{"embeddable":true,"href":"https:\/\/www.europesays.com\/lv\/wp-json\/wp\/v2\/users\/2"}],"replies":[{"embeddable":true,"href":"https:\/\/www.europesays.com\/lv\/wp-json\/wp\/v2\/comments?post=110872"}],"version-history":[{"count":0,"href":"https:\/\/www.europesays.com\/lv\/wp-json\/wp\/v2\/posts\/110872\/revisions"}],"wp:featuredmedia":[{"embeddable":true,"href":"https:\/\/www.europesays.com\/lv\/wp-json\/wp\/v2\/media\/45536"}],"wp:attachment":[{"href":"https:\/\/www.europesays.com\/lv\/wp-json\/wp\/v2\/media?parent=110872"}],"wp:term":[{"taxonomy":"category","embeddable":true,"href":"https:\/\/www.europesays.com\/lv\/wp-json\/wp\/v2\/categories?post=110872"},{"taxonomy":"post_tag","embeddable":true,"href":"https:\/\/www.europesays.com\/lv\/wp-json\/wp\/v2\/tags?post=110872"}],"curies":[{"name":"wp","href":"https:\/\/api.w.org\/{rel}","templated":true}]}}