{"id":110895,"date":"2026-01-22T11:54:12","date_gmt":"2026-01-22T11:54:12","guid":{"rendered":"https:\/\/www.europesays.com\/lv\/110895\/"},"modified":"2026-01-22T11:54:12","modified_gmt":"2026-01-22T11:54:12","slug":"riga-notiks-sestais-artdocfest-riga-izzinotas-festivala-filmu-programmas-lente-lv","status":"publish","type":"post","link":"https:\/\/www.europesays.com\/lv\/110895\/","title":{"rendered":"R\u012bg\u0101 notiks sestais \u00abArtdocfest\/Riga\u00bb, izzi\u0146otas festiv\u0101la filmu programmas\u00a0\u2014\u00a0Lente.lv"},"content":{"rendered":"<p>Par festiv\u0101lu<\/p>\n<p>No 2026. gada 28. febru\u0101ra l\u012bdz 8. martam R\u012bg\u0101 norisin\u0101sies sestais Starptautiskais dokument\u0101l\u0101 kino festiv\u0101ls \u00abArtdocfest\/Riga\u00bb. K\u0101 inform\u0113 Latvijas Sabiedriskie Mediji, festiv\u0101ls sevi pozicion\u0113 k\u0101 noz\u012bm\u012bgu dokument\u0101l\u0101 kino notikumu Baltijas re\u0123ion\u0101 un ir izsludin\u0101jis konkursa programmu filmas \u00abArtdocfest Open\u00bb un \u00abBaltic Focus\u00bb. Bi\u013ce\u0161u tirdzniec\u012bba uz festiv\u0101lu ir uzs\u0101kta.<\/p>\n<p>Festiv\u0101ls turpina Latvijas dokument\u0101l\u0101 kino trad\u012bcijas, ko iedibin\u0101ju\u0161i t\u0101di meistari k\u0101 Juris Podnieks un Hercs Franks. \u0160ogad \u012bpa\u0161i tiks atz\u012bm\u0113ta izcil\u0101 latvie\u0161u dokument\u0101lista Hercta Franka 100. jubileja, un festiv\u0101la nosl\u0113guma seanss b\u016bs velt\u012bts vi\u0146a piemi\u0146ai. Festiv\u0101la atkl\u0101\u0161ana notiks 28. febru\u0101r\u012b plkst. 18:00 ar re\u017eisora Vit\u0101lija Manska jaun\u0101ko filmu \u00abLaiks l\u012bdz m\u0113r\u0137im\u00bb, kas jau iepriek\u0161 ieguvusi pasaules pirmizr\u0101di Berl\u012bnes Starptautiskaj\u0101 filmu festiv\u0101l\u0101 2025. gad\u0101 un sa\u0146\u0113musi balvas citos festiv\u0101los.<\/p>\n<p>Konkursu programmas<\/p>\n<p>Festiv\u0101la galven\u0101s norises paredz\u0113tas div\u0101s konkursa programm\u0101s. \u00abBaltic Focus\u00bb programma demonstr\u0113 Baltijas j\u016bras re\u0123iona valstu (iz\u0146emot Krieviju) spilgt\u0101k\u0101s dokument\u0101l\u0101s filmas, piev\u0113r\u0161oties indiv\u012bdu pieredzei pla\u0161\u0101ku soci\u0101lu, v\u0113sturisku un \u0123eopolitisku procesu kontekst\u0101. \u0160\u012b programma izgaismo re\u0123ionu k\u0101 jut\u012bgu laikmetu satricin\u0101jumu seismogr\u0101fu, kur person\u012bgie st\u0101sti k\u013c\u016bst par liec\u012bb\u0101m laikmetam. Kopum\u0101 \u00abBaltic Focus\u00bb konkurs\u0101 par Herca balvu sacent\u012bsies 10 filmas, tostarp divas Latvijas filmu pirmizr\u0101des. Festiv\u0101la producente un \u00abBaltic Focus\u00bb programmas kuratore Vaiva Bauze nor\u0101da, ka programma atkl\u0101j Baltijas re\u0123ionu k\u0101 jut\u012bgu Eiropas satricin\u0101jumu seismogr\u0101fu, kur personiskie st\u0101sti k\u013c\u016bst par liec\u012bb\u0101m laikmetam, un dokument\u0101lais kino \u2013 par veidu, k\u0101 saprast gan pag\u0101tni, gan \u0161odienas realit\u0101ti.<\/p>\n<p>\u00abArtdocfest Open\u00bb konkurss paplaidina \u0123eogr\u0101fisko spektru, fokus\u0113joties uz film\u0101m no Austrumeiropas un Eir\u0101zijas valst\u012bm, ta\u010du ir atv\u0113rts ar\u012b darbiem no visas pasaules, ja tie risina m\u016bsu re\u0123ionam aktu\u0101las probl\u0113mas un v\u0113rt\u012bbas. \u0160aj\u0101 programm\u0101 kopum\u0101 atlas\u012btas 19 dokument\u0101l\u0101s filmas. Festiv\u0101la prezidents Vit\u0101lijs Manskis par \u0161o programmu uzsver, ka t\u0101 ir ne tikai m\u0113\u0123in\u0101jums konfront\u0113t auditoriju ar pasaules realit\u0101ti, bet ar\u012b m\u016bsdienu laika atspogu\u013cojums, k\u0101 to interpret\u0113 noz\u012bm\u012bg\u0101kie autori, kas dokument\u0113 laikus, kuros mums lemts dz\u012bvot.<\/p>\n<p>Filmu izlase un t\u0113mas<\/p>\n<p>\u00abBaltic Focus\u00bb programm\u0101 aktualiz\u0113tas t\u0113mas par karu un t\u0101 sek\u0101m, kolekt\u012bvo un person\u012bgo atmi\u0146u, identit\u0101tes mekl\u0113jumiem, s\u0113r\u0101m, pieder\u012bbu un sabiedr\u012bbas trauslumu p\u0101rmai\u0146u laik\u0101. \u0160\u012b programma izgaismo Baltijas re\u0123ionu k\u0101 telpu, kur personiskais neizb\u0113gami saskaras ar politisko un v\u0113sture joproj\u0101m akt\u012bvi ietekm\u0113 tagadni.<\/p>\n<p>Savuk\u0101rt festiv\u0101la prezidents Vit\u0101lijs Manskis, run\u0101jot par \u00abArtdocfest Open\u00bb programmas veido\u0161anu, atz\u012bst, ka analiz\u0113tas auditorijas v\u0113lmes, \u00abkara nogurums\u00bb un visp\u0101r\u0113jais apjukums un bailes, kas valda sabiedr\u012bb\u0101 strauji main\u012bgu apst\u0101k\u013cu d\u0113\u013c. Vi\u0146\u0161 piebilst, ka programma ir veidota ne tikai, lai konfront\u0113tu skat\u012bt\u0101jus ar realit\u0101ti, bet ar\u012b k\u0101 laikmeta atspogu\u013cojums.<\/p>\n<p>Festiv\u0101la norises vietas un papildu pas\u0101kumi<\/p>\n<p>Festiv\u0101la galven\u0101s norises paredz\u0113tas kinote\u0101tra \u00abSplendid Palace\u00bb Lielaj\u0101 un Straumes z\u0101l\u0113. Papildu programmas tiks izr\u0101d\u012btas m\u0101kslas centr\u0101 \u00abZuzeum\u00bb (L\u0101\u010dpl\u0113\u0161a iel\u0101 101), kur b\u016bs skat\u0101ma m\u0101kslai velt\u012bta filmu programma \u00abArtDoc&amp;ProAr\u00bb, un Media Hub Riga kopienas centr\u0101 \u00abPower-Up Space\u00bb (Mer\u0137e\u013ca iel\u0101 21), kur r\u0101d\u012bs filmas, kas saist\u012btas ar kara un vardarb\u012bbas t\u0113m\u0101m. \u0160ogad festiv\u0101ls iez\u012bm\u0113 jaunu grafisko simbolu \u2013 Dzigas Vertova \u00abkino aci\u00bb, kas simboliz\u0113 autora neatlaid\u012bgo skat\u012bjumu uz notieko\u0161o.<\/p>\n<p>Papildus konkursa programm\u0101m festiv\u0101l\u0101 pl\u0101notas ar\u012b tematisk\u0101s programmas, piem\u0113ram, \u00abArtDoc &amp; ProArt\u00bb, kas velt\u012bta m\u0101kslai, k\u0101 ar\u012b programmas, kas piev\u0113r\u0161as aktu\u0101liem glob\u0101liem notikumiem, tostarp Krievijas iebrukumam Ukrain\u0101. Paredz\u0113ta ar\u012b \u00abKino nakts\u00bb un da\u017e\u0101das rado\u0161as un zin\u0101tniskas diskusijas ar dokument\u0101listiem un kino teor\u0113ti\u0137iem.<\/p>\n<p>Starptautisk\u0101s \u017e\u016brijas<\/p>\n<p>Abas konkursa programmas v\u0113rt\u0113s divas starptautiskas \u017e\u016brijas. Festiv\u0101ls turpina savu misiju, pied\u0101v\u0101jot dzi\u013c\u0101ku izpratni par pasauli un t\u0101s sare\u017e\u0123\u012btajiem procesiem caur dokument\u0101l\u0101 kino prizmu.<\/p>\n","protected":false},"excerpt":{"rendered":"Par festiv\u0101lu No 2026. gada 28. febru\u0101ra l\u012bdz 8. martam R\u012bg\u0101 norisin\u0101sies sestais Starptautiskais dokument\u0101l\u0101 kino festiv\u0101ls \u00abArtdocfest\/Riga\u00bb.&hellip;\n","protected":false},"author":2,"featured_media":110896,"comment_status":"","ping_status":"","sticky":false,"template":"","format":"standard","meta":{"footnotes":""},"categories":[19],"tags":[26115,14813,26114,5803,89,1383,90,35,39,38,36,37,34,40],"class_list":{"0":"post-110895","1":"post","2":"type-post","3":"status-publish","4":"format-standard","5":"has-post-thumbnail","7":"category-izklaide","8":"tag-artdocfest-open","9":"tag-artdocfest-riga","10":"tag-baltic-focus","11":"tag-dokumentalais-kino","12":"tag-entertainment","13":"tag-festivals","14":"tag-izklaide","15":"tag-latvia","16":"tag-latvian","17":"tag-latviesu","18":"tag-latviesu-valoda","19":"tag-latviesuvaloda","20":"tag-latvija","21":"tag-lv"},"share_on_mastodon":{"url":"https:\/\/pubeurope.com\/@lv\/115938621070207330","error":""},"_links":{"self":[{"href":"https:\/\/www.europesays.com\/lv\/wp-json\/wp\/v2\/posts\/110895","targetHints":{"allow":["GET"]}}],"collection":[{"href":"https:\/\/www.europesays.com\/lv\/wp-json\/wp\/v2\/posts"}],"about":[{"href":"https:\/\/www.europesays.com\/lv\/wp-json\/wp\/v2\/types\/post"}],"author":[{"embeddable":true,"href":"https:\/\/www.europesays.com\/lv\/wp-json\/wp\/v2\/users\/2"}],"replies":[{"embeddable":true,"href":"https:\/\/www.europesays.com\/lv\/wp-json\/wp\/v2\/comments?post=110895"}],"version-history":[{"count":0,"href":"https:\/\/www.europesays.com\/lv\/wp-json\/wp\/v2\/posts\/110895\/revisions"}],"wp:featuredmedia":[{"embeddable":true,"href":"https:\/\/www.europesays.com\/lv\/wp-json\/wp\/v2\/media\/110896"}],"wp:attachment":[{"href":"https:\/\/www.europesays.com\/lv\/wp-json\/wp\/v2\/media?parent=110895"}],"wp:term":[{"taxonomy":"category","embeddable":true,"href":"https:\/\/www.europesays.com\/lv\/wp-json\/wp\/v2\/categories?post=110895"},{"taxonomy":"post_tag","embeddable":true,"href":"https:\/\/www.europesays.com\/lv\/wp-json\/wp\/v2\/tags?post=110895"}],"curies":[{"name":"wp","href":"https:\/\/api.w.org\/{rel}","templated":true}]}}