{"id":110900,"date":"2026-01-22T12:02:13","date_gmt":"2026-01-22T12:02:13","guid":{"rendered":"https:\/\/www.europesays.com\/lv\/110900\/"},"modified":"2026-01-22T12:02:13","modified_gmt":"2026-01-22T12:02:13","slug":"akciju-cenas-pasaules-birzas-parsvara-pieaug-dienas-bizness-4","status":"publish","type":"post","link":"https:\/\/www.europesays.com\/lv\/110900\/","title":{"rendered":"Akciju cenas pasaules bir\u017e\u0101s p\u0101rsvar\u0101 pieaug :: Dienas Bizness"},"content":{"rendered":"<p class=\"text-font font-size--text-xlarge margin-3--bottom font-weight--bold padding-1--top\">Akciju cenas pasaules bir\u017e\u0101s tre\u0161dien p\u0101rsvar\u0101 pieauga, tirgiem izv\u0113rt\u0113jot ASV prezidenta Donalda Trampa izteikumus, kas mazin\u0101ja sasp\u012bl\u0113jumu starp ASV un Eiropu saist\u012bb\u0101 ar vi\u0146a pl\u0101niem ieg\u016bt Grenlandi.<\/p>\n<p class=\"text-font font-size--text-xlarge margin-3--bottom\">P\u0113c akciju cenu kri\u0161an\u0101s otrdien, ko izrais\u012bja Trampa draudi Eiropai, akciju cenas Volstr\u012bt\u0101 tre\u0161dien pieauga p\u0113c Trampa sol\u012bjuma &#8220;nelietot sp\u0113ku&#8221; Grenlandes p\u0101r\u0146em\u0161anai.<\/p>\n<p class=\"text-font font-size--text-xlarge margin-3--bottom\">Tramps tom\u0113r piepras\u012bja &#8220;t\u016blit\u0113jas sarunas&#8221; par Grenlandes p\u0101rie\u0161anu ASV \u012bpa\u0161um\u0101 un raksturoja D\u0101niju k\u0101 &#8220;nepateic\u012bgu&#8221; par atteik\u0161anos atdot Grenlandi.<\/p>\n<p class=\"text-font font-size--text-xlarge margin-3--bottom\">Akciju cenas Volstr\u012bt\u0101 stabili pieauga p\u0113c tam, kad Tramps tre\u0161dien p\u0113c tik\u0161an\u0101s ar NATO \u0123ener\u0101lsekret\u0101ru Marku Riti pav\u0113st\u012bja, ka nol\u0113mis atteikties no nodoma noteikt asto\u0146\u0101m Eiropas valst\u012bm jaunus muitas tarifus Grenlandes jaut\u0101jum\u0101 radu\u0161os domstarp\u012bbu d\u0113\u013c.<\/p>\n<p class=\"text-font font-size--text-xlarge margin-3--bottom\">ASV dol\u0101ra v\u0113rt\u012bba pret eiro un cit\u0101m val\u016bt\u0101m palielin\u0101j\u0101s.<\/p>\n<p class=\"text-font font-size--text-xlarge margin-3--bottom\">Eirop\u0101 Londonas un Par\u012bzes bir\u017eu indeksi nedaudz pieauga, bet Frankfurtes bir\u017eas indekss krit\u0101s.<\/p>\n<p class=\"text-font font-size--text-xlarge margin-3--bottom\">\u0100zij\u0101 Tokijas bir\u017eas indekss saruka, bet Honkongas un \u0160anhajas bir\u017eu indeksi pieauga.<\/p>\n<p class=\"text-font font-size--text-xlarge margin-3--bottom\">&#8220;Netflix&#8221; akcijas cena krit\u0101s par 1,9%, neraugoties uz labu uz\u0146\u0113muma pe\u013c\u0146u, jo tas nesniedza skaidras vadl\u012bnijas izaugsmei n\u0101kotn\u0113.<\/p>\n<p class=\"text-font font-size--text-xlarge margin-3--bottom\">Britu luksusa modes uz\u0146\u0113muma &#8220;Burberry&#8221; akcijas cena Londonas bir\u017e\u0101 pieauga par 5%, pieaugot uz\u0146\u0113muma apgroz\u012bjumam p\u0113c piepras\u012bjuma palielin\u0101\u0161an\u0101s \u0136\u012bn\u0101.<\/p>\n<p class=\"text-font font-size--text-xlarge margin-3--bottom\">Par\u012bzes bir\u017e\u0101 p\u0101rtikas grupas &#8220;Danone&#8221; akcijas cena saruka par vair\u0101k nek\u0101 8% p\u0113c mazu\u013cu piena z\u012bmola iz\u0146em\u0161anas no apgroz\u012bbas Singap\u016br\u0101.<\/p>\n<p class=\"text-font font-size--text-xlarge margin-3--bottom\">ASV bir\u017eu indekss &#8220;Dow Jones Industrial Average&#8221; tre\u0161dien pieauga par 1,2% l\u012bdz 49 077,23 punktiem, indekss &#8220;Standard &amp; Poor&#8217;s 500&#8221; k\u0101pa par 1,2% l\u012bdz 6875,62 punktiem, bet &#8220;Nasdaq Composite&#8221; palielin\u0101j\u0101s par 1,2% l\u012bdz 23 224,82 punktiem.<\/p>\n<p class=\"text-font font-size--text-xlarge margin-3--bottom\">Londonas bir\u017eas indekss FTSE 100 tre\u0161dien pieauga par 0,1% l\u012bdz 10 138,09 punktiem, Par\u012bzes bir\u017eas indekss CAC 40 k\u0101pa par 0,1% l\u012bdz 8069,17 punktiem, bet Frankfurtes bir\u017eas indekss DAX samazin\u0101j\u0101s par 0,6% l\u012bdz 24 560,98 punktiem.<\/p>\n<p class=\"text-font font-size--text-xlarge margin-3--bottom\">\u0145ujorkas bir\u017eas elektroniskaj\u0101 tirdzniec\u012bb\u0101 WTI markas j\u0113lnaftas cena tre\u0161dien pieauga par 0,5% l\u012bdz 60,62 ASV dol\u0101riem par barelu. &#8220;Brent&#8221; markas j\u0113lnaftas cena Londonas bir\u017e\u0101 palielin\u0101j\u0101s par 0,5% l\u012bdz 65,24 dol\u0101riem par barelu.<\/p>\n<p class=\"text-font font-size--text-xlarge margin-3--bottom\">N\u012bderlandes bir\u017e\u0101 &#8220;Title Transfer Facility&#8221; (TTF) dabasg\u0101zes cena tre\u0161dien pieauga par 9,25% l\u012bdz 39,21 eiro par megavatstundu.<\/p>\n<p class=\"text-font font-size--text-xlarge margin-3--bottom\">Eiro v\u0113rt\u012bba pret ASV dol\u0101ru tre\u0161dien krit\u0101s no 1,1725 l\u012bdz 1,1683 dol\u0101riem par eiro, britu m\u0101rci\u0146as v\u0113rt\u012bba pret ASV dol\u0101ru saruka no 1,3439 l\u012bdz 1,3418 dol\u0101riem par m\u0101rci\u0146u, bet ASV dol\u0101ra v\u0113rt\u012bba pret Jap\u0101nas jenu pieauga no 158,15 l\u012bdz 158,43 jen\u0101m par dol\u0101ru. Eiro v\u0113rt\u012bba pret britu m\u0101rci\u0146u palielin\u0101j\u0101s no 86,07 l\u012bdz 87,08 pensiem par eiro.<\/p>\n","protected":false},"excerpt":{"rendered":"Akciju cenas pasaules bir\u017e\u0101s tre\u0161dien p\u0101rsvar\u0101 pieauga, tirgiem izv\u0113rt\u0113jot ASV prezidenta Donalda Trampa izteikumus, kas mazin\u0101ja sasp\u012bl\u0113jumu starp&hellip;\n","protected":false},"author":2,"featured_media":110901,"comment_status":"","ping_status":"","sticky":false,"template":"","format":"standard","meta":{"footnotes":""},"categories":[16],"tags":[869,77,870,76,867,35,39,38,36,37,34,871,868,40,21],"class_list":{"0":"post-110900","1":"post","2":"type-post","3":"status-publish","4":"format-standard","5":"has-post-thumbnail","7":"category-bizness","8":"tag-biznesa-zinas","9":"tag-bizness","10":"tag-bizness-latvija","11":"tag-business","12":"tag-dienas-zinas","13":"tag-latvia","14":"tag-latvian","15":"tag-latviesu","16":"tag-latviesu-valoda","17":"tag-latviesuvaloda","18":"tag-latvija","19":"tag-latvijas-biznesa-zinas","20":"tag-latvijas-zinas","21":"tag-lv","22":"tag-zinas"},"share_on_mastodon":{"url":"https:\/\/pubeurope.com\/@lv\/115938652485628111","error":""},"_links":{"self":[{"href":"https:\/\/www.europesays.com\/lv\/wp-json\/wp\/v2\/posts\/110900","targetHints":{"allow":["GET"]}}],"collection":[{"href":"https:\/\/www.europesays.com\/lv\/wp-json\/wp\/v2\/posts"}],"about":[{"href":"https:\/\/www.europesays.com\/lv\/wp-json\/wp\/v2\/types\/post"}],"author":[{"embeddable":true,"href":"https:\/\/www.europesays.com\/lv\/wp-json\/wp\/v2\/users\/2"}],"replies":[{"embeddable":true,"href":"https:\/\/www.europesays.com\/lv\/wp-json\/wp\/v2\/comments?post=110900"}],"version-history":[{"count":0,"href":"https:\/\/www.europesays.com\/lv\/wp-json\/wp\/v2\/posts\/110900\/revisions"}],"wp:featuredmedia":[{"embeddable":true,"href":"https:\/\/www.europesays.com\/lv\/wp-json\/wp\/v2\/media\/110901"}],"wp:attachment":[{"href":"https:\/\/www.europesays.com\/lv\/wp-json\/wp\/v2\/media?parent=110900"}],"wp:term":[{"taxonomy":"category","embeddable":true,"href":"https:\/\/www.europesays.com\/lv\/wp-json\/wp\/v2\/categories?post=110900"},{"taxonomy":"post_tag","embeddable":true,"href":"https:\/\/www.europesays.com\/lv\/wp-json\/wp\/v2\/tags?post=110900"}],"curies":[{"name":"wp","href":"https:\/\/api.w.org\/{rel}","templated":true}]}}