{"id":110927,"date":"2026-01-22T12:44:07","date_gmt":"2026-01-22T12:44:07","guid":{"rendered":"https:\/\/www.europesays.com\/lv\/110927\/"},"modified":"2026-01-22T12:44:07","modified_gmt":"2026-01-22T12:44:07","slug":"elona-muska-apgalvojumi-par-xai-datu-centra-jaudu-tiek-apsaubiti-liecina-satelitu-dati-lente-lv-2","status":"publish","type":"post","link":"https:\/\/www.europesays.com\/lv\/110927\/","title":{"rendered":"Elona Muska apgalvojumi par xAI datu centra jaudu tiek ap\u0161aub\u012bti, liecina satel\u012btu dati\u00a0\u2014\u00a0Lente.lv"},"content":{"rendered":"<p>Muska ambiciozie pazi\u0146ojumi<\/p>\n<p>Uz\u0146\u0113m\u0113js Ilons Masks atkal non\u0101cis uzman\u012bbas centr\u0101 ar saviem v\u0113rien\u012bgajiem pazi\u0146ojumiem. \u0160oreiz satel\u012btu nov\u0113rojumi met \u0113nu p\u0101r vi\u0146a apgalvojumiem par jaun\u0101 xAI superdatora Colossus 2 ener\u0123ijas pat\u0113ri\u0146u. Pag\u0101ju\u0161aj\u0101 pirmdien\u0101 Masks publiski pazi\u0146oja, ka Colossus 2 ir sasniedzis 1 gigavata (GW) jaudu.<\/p>\n<p>\u201ePasaul\u0113 pirmais gigavata m\u0101c\u012bbu klasteris. Apr\u012bl\u012b jauda tiks palielin\u0101ta l\u012bdz 1,5 GW,\u201d t\u0101dos v\u0101rdos vi\u0146\u0161 izteic\u0101s sav\u0101 X (agr\u0101k Twitter) profil\u0101, pievienojot saiti uz zi\u0146u par Colossus 2 darb\u012bbas uzs\u0101k\u0161anu.<\/p>\n<blockquote><p>\u201eThe Colossus 2 supercomputer for @Grok is now operational. First Gigawatt training cluster in the world. Upgrades to 1.5GW in April.\u201d \u2014 Elon Musk (@elonmusk) January 17, 2026<\/p><\/blockquote>\n<p>Datu centra jauda tiek ap\u0161aub\u012bta<\/p>\n<p>Tom\u0113r p\u0113t\u012bjumu grupa Epoch AI ir n\u0101kusi klaj\u0101 ar pret\u0113jiem secin\u0101jumiem. T\u0101s anal\u012bze liecina, ka Colossus 2, kas balst\u012bts uz 550 000 NVIDIA Blackwell pa\u0101trin\u0101t\u0101jiem, pa\u0161laik ir nodro\u0161in\u0101ta tikai ar dzes\u0113\u0161anas sist\u0113mu, kas atbilst 350 megavatu (MW) jaudai. Tas ir krietni maz\u0101k, nek\u0101 nepiecie\u0161ams min\u0113to pa\u0101trin\u0101t\u0101ju efekt\u012bvai dzes\u0113\u0161anai un pilnv\u0113rt\u012bgai darb\u012bbai.<\/p>\n<p>Epoch AI prognoz\u0113, ka 1 GW jaudu superdators sasniegs ne agr\u0101k k\u0101 2026. gada maij\u0101. Par pamatojumu grupa ir publiskojusi satel\u012bta att\u0113lu, kur\u0101 atspogu\u013cota gan jau funkcion\u0113jo\u0161\u0101, gan pl\u0101not\u0101 dzes\u0113\u0161anas sist\u0113mu jauda.<\/p>\n<blockquote><p>\u201exAI\u2019s Colossus 2 data center is running, but likely won\u2019t reach 1 GW of power until May, despite prior claims by Elon Musk. Our updated analysis shows the facility lacks the cooling capacity to run 550,000 Blackwell GPUs at full power, even in winter conditions.\u201d \u2014 Epoch AI (@EpochAIResearch) January 19, 2026<\/p><\/blockquote>\n<p>\u201eColossus 2 datu centrs darbojas, ta\u010du, visticam\u0101k, 1 GW jaudu nesasniegs l\u012bdz maijam, neraugoties uz iepriek\u0161\u0113jiem Elona Maska apgalvojumiem. M\u016bsu veikt\u0101 anal\u012bze atkl\u0101j, ka objektam pietr\u016bkst dzes\u0113\u0161anas jaudas, lai nodro\u0161in\u0101tu 550 000 Blackwell grafisko procesoru pilnv\u0113rt\u012bgu darb\u012bbu pat ziemas apst\u0101k\u013cos,\u201d teikts Epoch AI pazi\u0146ojum\u0101.<\/p>\n<p>Iesp\u0113jamie risin\u0101jumi un n\u0101kotnes perspekt\u012bvas<\/p>\n<p>Interesanti, ka, uzdodot jaut\u0101jumu par Colossus 2 xAI izstr\u0101d\u0101tajam botam Grok, tas apstiprin\u0101jis, ka superdatora darb\u012bbas uzs\u0101k\u0161ana var\u0113tu notikt pak\u0101peniski. Bots ar\u012b piemin\u0113jis mediju zi\u0146ojumus, kas liecina par iesp\u0113jamu neofici\u0101lu g\u0101zes turb\u012bnu izmanto\u0161anu papildu elektroener\u0123ijas ra\u017eo\u0161anai no xAI puses.<\/p>\n<p>Lai gan \u0161ie apgalvojumi v\u0113l gaida ofici\u0101lu apstiprin\u0101jumu, j\u0101atz\u012bm\u0113, ka Grok iepriek\u0161 jau ir izr\u0101d\u012bjis neatkar\u012bgu dom\u0101\u0161anu, pat vien\u0101 reiz\u0113 pied\u0101v\u0101jot izpild\u012bt Maska n\u0101vessodu. Tom\u0113r, pat ja Colossus 2 sasniegs 1 GW jaudu pl\u0101notaj\u0101 laik\u0101, tas joproj\u0101m \u013caus xAI apsteigt t\u0101dus konkurentus k\u0101 Amazon un OpenAI MI apm\u0101c\u012bbas un inferen\u010du jom\u0101. Tas uz\u0146\u0113mumam nodro\u0161in\u0101s vair\u0101k resursu MI a\u0123entu darb\u012bbas nodro\u0161in\u0101\u0161anai.<\/p>\n","protected":false},"excerpt":{"rendered":"Muska ambiciozie pazi\u0146ojumi Uz\u0146\u0113m\u0113js Ilons Masks atkal non\u0101cis uzman\u012bbas centr\u0101 ar saviem v\u0113rien\u012bgajiem pazi\u0146ojumiem. \u0160oreiz satel\u012btu nov\u0113rojumi met&hellip;\n","protected":false},"author":2,"featured_media":110915,"comment_status":"","ping_status":"","sticky":false,"template":"","format":"standard","meta":{"footnotes":""},"categories":[16],"tags":[77,76,26117,7081,79,35,39,38,36,37,34,40,87,3797],"class_list":{"0":"post-110927","1":"post","2":"type-post","3":"status-publish","4":"format-standard","5":"has-post-thumbnail","7":"category-bizness","8":"tag-bizness","9":"tag-business","10":"tag-colossus-2","11":"tag-datu-centrs","12":"tag-ilons-masks","13":"tag-latvia","14":"tag-latvian","15":"tag-latviesu","16":"tag-latviesu-valoda","17":"tag-latviesuvaloda","18":"tag-latvija","19":"tag-lv","20":"tag-maksligais-intelekts","21":"tag-xai"},"share_on_mastodon":{"url":"https:\/\/pubeurope.com\/@lv\/115938817661191330","error":""},"_links":{"self":[{"href":"https:\/\/www.europesays.com\/lv\/wp-json\/wp\/v2\/posts\/110927","targetHints":{"allow":["GET"]}}],"collection":[{"href":"https:\/\/www.europesays.com\/lv\/wp-json\/wp\/v2\/posts"}],"about":[{"href":"https:\/\/www.europesays.com\/lv\/wp-json\/wp\/v2\/types\/post"}],"author":[{"embeddable":true,"href":"https:\/\/www.europesays.com\/lv\/wp-json\/wp\/v2\/users\/2"}],"replies":[{"embeddable":true,"href":"https:\/\/www.europesays.com\/lv\/wp-json\/wp\/v2\/comments?post=110927"}],"version-history":[{"count":0,"href":"https:\/\/www.europesays.com\/lv\/wp-json\/wp\/v2\/posts\/110927\/revisions"}],"wp:featuredmedia":[{"embeddable":true,"href":"https:\/\/www.europesays.com\/lv\/wp-json\/wp\/v2\/media\/110915"}],"wp:attachment":[{"href":"https:\/\/www.europesays.com\/lv\/wp-json\/wp\/v2\/media?parent=110927"}],"wp:term":[{"taxonomy":"category","embeddable":true,"href":"https:\/\/www.europesays.com\/lv\/wp-json\/wp\/v2\/categories?post=110927"},{"taxonomy":"post_tag","embeddable":true,"href":"https:\/\/www.europesays.com\/lv\/wp-json\/wp\/v2\/tags?post=110927"}],"curies":[{"name":"wp","href":"https:\/\/api.w.org\/{rel}","templated":true}]}}