{"id":110936,"date":"2026-01-22T12:53:10","date_gmt":"2026-01-22T12:53:10","guid":{"rendered":"https:\/\/www.europesays.com\/lv\/110936\/"},"modified":"2026-01-22T12:53:10","modified_gmt":"2026-01-22T12:53:10","slug":"asociacija-skaidro-kapec-radies-granulu-deficits","status":"publish","type":"post","link":"https:\/\/www.europesays.com\/lv\/110936\/","title":{"rendered":"Asoci\u0101cija skaidro, k\u0101p\u0113c radies granulu defic\u012bts"},"content":{"rendered":"<p>Vienlaikus &#8220;LATbio&#8221; vad\u012bt\u0101js teica, ka ar\u012b ra\u017eot\u0101ji palielina cenas. Tas skaidrojams ar to, ka granulu ra\u017eo\u0161anas process ir saist\u012bts ar laika apst\u0101k\u013ciem, jo ra\u017eo\u0161ana ziem\u0101 pat\u0113r\u0113 vair\u0101k ener\u0123ijas un t\u0101p\u0113c ir d\u0101rg\u0101ka. &#8220;Ziem\u0101 vajag liel\u0101ku kurin\u0101m\u0101 pat\u0113ri\u0146u, lai iz\u017e\u0101v\u0113tu skaidas. Turkl\u0101t izejmateri\u0101lu cenas pieaug. Lo\u0123iski, ka ziem\u0101 ar\u012b granulu cena nedaudz aug,&#8221; teica Palejs, skaidrojot, ka, s\u0101koties sezonai, granulu cena ir ap 220 eiro par tonnu, bet patlaban ap 250 eiro par tonnu.<\/p>\n<p>Vi\u0146\u0161 ar\u012b uzsv\u0113ra, ka &#8220;tas, kas notiek pie mazumtirgot\u0101jiem, ir b\u0113du ieleja&#8221;, jo da\u017eviet pale\u0161u cena par tonnu sasniedz pat 400-500 eiro.<\/p>\n<p>Jaut\u0101ts, vai prognoz\u0113jams, ka n\u0101kamgad mazumtirgot\u0101ji var\u0113tu pas\u016bt\u012bt p\u0101r\u0101k lielus granulu apm\u0113rus, Palejs uzsv\u0113ra, ka tas ir \u013coti iesp\u0113jams, jo mazumtirgot\u0101ji nepl\u0101no ilgtermi\u0146\u0101.<\/p>\n<p>&#8220;Mazumtirgot\u0101jiem atmi\u0146a nav gar\u0101ka par vienu gadu. Ja ir auksta ziema, tad n\u0101kamgad iebrauc probl\u0113m\u0101s, nop\u0113rkot p\u0101r\u0101k lielus granulu daudzumus. Ja ir silta ziema, tad vi\u0146i dom\u0101, ka n\u0101kamgad atkal t\u0101da b\u016bs. Tas atk\u0101rtojas no gada uz gadu, no gada uz gadu,&#8221; teica Palejs, piebilstot, ka mazumtirgot\u0101ji, sl\u0113dzot l\u012bgumus par granulu pieg\u0101di, neskat\u0101s pat\u0113ri\u0146u vid\u0113j\u0101 termi\u0146\u0101 un ner\u0113\u0137ina vid\u0113jo pat\u0113ri\u0146u.<\/p>\n<p>Latvijas biomasas asoci\u0101cija &#8220;LATbio&#8221; dibin\u0101ta 2008. gad\u0101. Organiz\u0101cijas m\u0113r\u0137i ir veicin\u0101t biokurin\u0101mo, tostarp koksnes izmanto\u0161anu ener\u0123\u0113tikas nozar\u0113, veicin\u0101t biokurin\u0101m\u0101 ra\u017eo\u0161anu, k\u0101 ar\u012b veicin\u0101t Latvijas neatkar\u012bbu ener\u0123\u0113tikas nozar\u0113, izmantojot viet\u0113jos pieejamos resursus.<\/p>\n","protected":false},"excerpt":{"rendered":"Vienlaikus &#8220;LATbio&#8221; vad\u012bt\u0101js teica, ka ar\u012b ra\u017eot\u0101ji palielina cenas. Tas skaidrojams ar to, ka granulu ra\u017eo\u0161anas process ir&hellip;\n","protected":false},"author":2,"featured_media":110937,"comment_status":"","ping_status":"","sticky":false,"template":"","format":"standard","meta":{"footnotes":""},"categories":[5],"tags":[5869,23,28,29,6575,3681,32,33,22,30,31,35,39,38,36,37,34,40,20,26,27,24,25,21],"class_list":{"0":"post-110936","1":"post","2":"type-post","3":"status-publish","4":"format-standard","5":"has-post-thumbnail","7":"category-aktualitates","8":"tag-ziema","9":"tag-aktualitates","10":"tag-breaking-news","11":"tag-breakingnews","12":"tag-ekonomikas-zinas","13":"tag-elektroenergija","14":"tag-featured-news","15":"tag-featurednews","16":"tag-headlines","17":"tag-latest-news","18":"tag-latestnews","19":"tag-latvia","20":"tag-latvian","21":"tag-latviesu","22":"tag-latviesu-valoda","23":"tag-latviesuvaloda","24":"tag-latvija","25":"tag-lv","26":"tag-news","27":"tag-popularakas-zinas","28":"tag-popularakaszinas","29":"tag-top-stories","30":"tag-topstories","31":"tag-zinas"},"share_on_mastodon":{"url":"https:\/\/pubeurope.com\/@lv\/115938853041679580","error":""},"_links":{"self":[{"href":"https:\/\/www.europesays.com\/lv\/wp-json\/wp\/v2\/posts\/110936","targetHints":{"allow":["GET"]}}],"collection":[{"href":"https:\/\/www.europesays.com\/lv\/wp-json\/wp\/v2\/posts"}],"about":[{"href":"https:\/\/www.europesays.com\/lv\/wp-json\/wp\/v2\/types\/post"}],"author":[{"embeddable":true,"href":"https:\/\/www.europesays.com\/lv\/wp-json\/wp\/v2\/users\/2"}],"replies":[{"embeddable":true,"href":"https:\/\/www.europesays.com\/lv\/wp-json\/wp\/v2\/comments?post=110936"}],"version-history":[{"count":0,"href":"https:\/\/www.europesays.com\/lv\/wp-json\/wp\/v2\/posts\/110936\/revisions"}],"wp:featuredmedia":[{"embeddable":true,"href":"https:\/\/www.europesays.com\/lv\/wp-json\/wp\/v2\/media\/110937"}],"wp:attachment":[{"href":"https:\/\/www.europesays.com\/lv\/wp-json\/wp\/v2\/media?parent=110936"}],"wp:term":[{"taxonomy":"category","embeddable":true,"href":"https:\/\/www.europesays.com\/lv\/wp-json\/wp\/v2\/categories?post=110936"},{"taxonomy":"post_tag","embeddable":true,"href":"https:\/\/www.europesays.com\/lv\/wp-json\/wp\/v2\/tags?post=110936"}],"curies":[{"name":"wp","href":"https:\/\/api.w.org\/{rel}","templated":true}]}}