{"id":110940,"date":"2026-01-22T12:58:11","date_gmt":"2026-01-22T12:58:11","guid":{"rendered":"https:\/\/www.europesays.com\/lv\/110940\/"},"modified":"2026-01-22T12:58:11","modified_gmt":"2026-01-22T12:58:11","slug":"deputats-liepins-draud-ar-stingrakiem-pasakumiem-ja-turpinasies-negodiga-prakse-pret-vietejiem-piegadatajiem-1188-lv","status":"publish","type":"post","link":"https:\/\/www.europesays.com\/lv\/110940\/","title":{"rendered":"Deput\u0101ts Liepi\u0146\u0161 draud ar &quot;stingr\u0101kiem pas\u0101kumiem&quot;, ja turpin\u0101sies negod\u012bga prakse pret viet\u0113jiem pieg\u0101d\u0101t\u0101jiem &#8211; 1188.lv"},"content":{"rendered":"<ol>\n<li><a href=\"https:\/\/news.google.com\/rss\/articles\/CBMi1wFBVV95cUxNM0xkNnd1enRQVHZ0eUxWVUVTYVY2UEVGWGF4UXgxOEpMSzNpMWNHM2ZaaDZFbEpIQ08waVl2b084ajJOV2NCbF9wUkxvU0ExS3poeW1iQTFtb3NoMXZON1NPLVh0Vkp4OHEwS1FKc1k4R01KVEZSSFQyQW9WXzNvNURSVU5yY0UyZzB2RnNpNVRXaDFkWWR4ak1Xd1I3MHBTNWpKTGpuT1dOQVY3dEZZcTIxSnBsSVVoYlJrc3lLTmZjaWZrcWhMTmt0bFlZV191Z3I3ZUY5Yw?oc=5\" target=\"_blank\" rel=\"nofollow noopener\">Deput\u0101ts Liepi\u0146\u0161 draud ar &#8220;stingr\u0101kiem pas\u0101kumiem&#8221;, ja turpin\u0101sies negod\u012bga prakse pret viet\u0113jiem pieg\u0101d\u0101t\u0101jiem<\/a>&nbsp;&nbsp;1188.lv<\/li>\n<li><a href=\"https:\/\/news.google.com\/rss\/articles\/CBMi2gFBVV95cUxNYkN6WmVPQzlLM2dDMVYxQV9SUE82eTAyUHR2c25ma042SktPdDZzWF9aZmhWTjg4R0NoQ0g5R09HUmYwWGVkdUZRWTY0SmJpVlhERFlfc3ZUVWRINDZNbzIzbC1nRmNDQndfeC1YaUFrUHZvNHRFVVBYenc3dHBaUGE4cGhGVE9JZUd4YUIwbTF6Ymw2ZkpXNGEzUDNNcWxqTktLc3lRcVo5ZEM2WkRTNTJsMl96SVZCNndDd1Jtb3h5Qnd3dFJUNnJNb21QRDBBd3V3Y0lMZTI1Zw?oc=5\" target=\"_blank\" rel=\"nofollow noopener\">Saeimas komisija virza groz\u012bjumus negod\u012bgas p\u0101rtikas tirdzniec\u012bbas ierobe\u017eo\u0161anai \/ Raksts<\/a>&nbsp;&nbsp;LSM<\/li>\n<li><a href=\"https:\/\/news.google.com\/rss\/articles\/CBMihgJBVV95cUxOcWJJb04xSUVPSjhSX25NNkxzMnNGcFFTTHhleGMtYkpGYjNnbU0wTXBxdTZYbDJwdlM2QnpTcWt6d0swRU13UVdkR0VJeTBId095Z3NkdWItdDFud3hMOFZ1ZXNROWdnbkRzNFJvRmxHU2c1ZVBnVF9SNVVMU2MtcUNGVUp6MTB4cGp4MGl2QnFxU1pXNFJhSVhxVWhpM21LRVhpZk1IZlkzWU9DNDFmdVpkMzdWNUFPN3hyT0Q5YlA3cEo5MUQzZ0dySUUtWEphaGxueEhLMml5bUwxM05pWkJlc1YydC01bU42c0RtTG9saGhLNXVGNmJXV3pZczc4ajU1VVRn?oc=5\" target=\"_blank\" rel=\"nofollow noopener\">Publisko izdevumu komisijas deput\u0101ti spried\u012bs par lielveikalu negod\u012bgu komercpraksi pret Latvijas p\u0101rtikas pieg\u0101d\u0101t\u0101jiem<\/a>&nbsp;&nbsp;Latvijas Republikas Saeima<\/li>\n<li><a href=\"https:\/\/news.google.com\/rss\/articles\/CBMixAFBVV95cUxPZ0NXbC1kZFN0ZXljaGRMdzEzaUtFdEZ0NDNrekRrYjNkN1N5emNmT0ZhUi1nTDJ6VEROdGFtNmhYUzZBRDIzSS14VExEakVzem5fb1JEOHJycjFPV3pwbkRFZlNScEt0LWg5bG1lU2R5YUU4Sm01RTh0cFJwQkdtRXhic3Q2bE1QMUMzNEpGYVFkdmlyNVh1b3RmWVk0Tm1hbmdNM0ZnMlZZZnJGNFMxUjY5Slo3WkhTODdmTUVUeW5IVnpF0gHKAUFVX3lxTE5jUzBEZDJfT0o1UlZISXhRbXN3ZDljX1JlemVNWURCT3hocU92SVlyeUFtdnd0OGg1VE1EaDdLZ3hRR3RaY2JtZU1IN3F6Z3ZKQkRuMmctbHpaRF9yOVFwVmsyaW9sXy1BLXJ0RGhIcXRkbFVXaDBOb2lSZTVLeFNsbTAzODRuT3FQV1JfX2UtWW0xSHZUY3lNYzZLdTRtNWF4MFJ0ZjZRakJtNEs2emJiYjliUDZoUGNrdU1UUHNIWWN0ZWViQS1XVGc?oc=5\" target=\"_blank\" rel=\"nofollow noopener\">P\u0101rtikas cenas, izraid\u012b\u0161ana un noklaus\u012b\u0161an\u0101s liktenis. Ko apspried\u012bs deput\u0101ti?<\/a>&nbsp;&nbsp;bb.lv<\/li>\n<li><a href=\"https:\/\/news.google.com\/rss\/articles\/CBMi6AFBVV95cUxQdG9DTTRuSEw0SXZZVmFjZ3d2cHRTM09IQlg0Si10QTBaRHRWU1U4WndrYlp2Q0NyemJGcEdqeUJ0SEJlNXZmVGRKaU02Vm1LdHlBNDBBQkliWTkxUGFxWkFsMzFTTEJ4dFc5eEJSVEVZNjFPcmZCMXpFa1c3b2ZxeHZCWVd0MG02UEhNdlV6LUV6VVc1QkkzWkktS3ZldVVtVjAtTEF6cXpZOXQ0SW8yQzdRTHUyMEFwQzZEYk9jSjZla1RoX3RWQVhFR1JMaTRNRDlCUEJvay04US1NNDlUbGs2ZXV5S1dG?oc=5\" target=\"_blank\" rel=\"nofollow noopener\">Konkurences padome: 72 % p\u0101rtikas pieg\u0101d\u0101t\u0101ju p\u0113rn nesask\u0101r\u0101s ar negod\u012bgu tirdzniec\u012bbas praksi<\/a>&nbsp;&nbsp;LSM<\/li>\n<\/ol>\n","protected":false},"excerpt":{"rendered":"Deput\u0101ts Liepi\u0146\u0161 draud ar &#8220;stingr\u0101kiem pas\u0101kumiem&#8221;, ja turpin\u0101sies negod\u012bga prakse pret viet\u0113jiem pieg\u0101d\u0101t\u0101jiem&nbsp;&nbsp;1188.lv Saeimas komisija virza groz\u012bjumus negod\u012bgas&hellip;\n","protected":false},"author":2,"featured_media":110941,"comment_status":"","ping_status":"","sticky":false,"template":"","format":"standard","meta":{"footnotes":""},"categories":[12],"tags":[129,889,1209,23,28,29,32,33,22,30,31,35,39,38,36,37,34,40,20,26,27,1210,890,1211,891,24,25,21],"class_list":{"0":"post-110940","1":"post","2":"type-post","3":"status-publish","4":"format-standard","5":"has-post-thumbnail","7":"category-latvija","8":"tag-__typenameadvicekeyword","9":"tag-id811","10":"tag-id824","11":"tag-aktualitates","12":"tag-breaking-news","13":"tag-breakingnews","14":"tag-featured-news","15":"tag-featurednews","16":"tag-headlines","17":"tag-latest-news","18":"tag-latestnews","19":"tag-latvia","20":"tag-latvian","21":"tag-latviesu","22":"tag-latviesu-valoda","23":"tag-latviesuvaloda","24":"tag-latvija","25":"tag-lv","26":"tag-news","27":"tag-popularakas-zinas","28":"tag-popularakaszinas","29":"tag-slugpolitika","30":"tag-slugsabiedriba","31":"tag-titlepolitika","32":"tag-titlesabiedriba","33":"tag-top-stories","34":"tag-topstories","35":"tag-zinas"},"share_on_mastodon":{"url":"","error":"Validation failed: Text character limit of 500 exceeded"},"_links":{"self":[{"href":"https:\/\/www.europesays.com\/lv\/wp-json\/wp\/v2\/posts\/110940","targetHints":{"allow":["GET"]}}],"collection":[{"href":"https:\/\/www.europesays.com\/lv\/wp-json\/wp\/v2\/posts"}],"about":[{"href":"https:\/\/www.europesays.com\/lv\/wp-json\/wp\/v2\/types\/post"}],"author":[{"embeddable":true,"href":"https:\/\/www.europesays.com\/lv\/wp-json\/wp\/v2\/users\/2"}],"replies":[{"embeddable":true,"href":"https:\/\/www.europesays.com\/lv\/wp-json\/wp\/v2\/comments?post=110940"}],"version-history":[{"count":0,"href":"https:\/\/www.europesays.com\/lv\/wp-json\/wp\/v2\/posts\/110940\/revisions"}],"wp:featuredmedia":[{"embeddable":true,"href":"https:\/\/www.europesays.com\/lv\/wp-json\/wp\/v2\/media\/110941"}],"wp:attachment":[{"href":"https:\/\/www.europesays.com\/lv\/wp-json\/wp\/v2\/media?parent=110940"}],"wp:term":[{"taxonomy":"category","embeddable":true,"href":"https:\/\/www.europesays.com\/lv\/wp-json\/wp\/v2\/categories?post=110940"},{"taxonomy":"post_tag","embeddable":true,"href":"https:\/\/www.europesays.com\/lv\/wp-json\/wp\/v2\/tags?post=110940"}],"curies":[{"name":"wp","href":"https:\/\/api.w.org\/{rel}","templated":true}]}}