{"id":110954,"date":"2026-01-22T13:17:05","date_gmt":"2026-01-22T13:17:05","guid":{"rendered":"https:\/\/www.europesays.com\/lv\/110954\/"},"modified":"2026-01-22T13:17:05","modified_gmt":"2026-01-22T13:17:05","slug":"volfa-un-lozbers-sarupe-latvijai-vel-vienu-medalu-eiropas-junioru-cempionata-ziemas-sports-sportacentrs-com","status":"publish","type":"post","link":"https:\/\/www.europesays.com\/lv\/110954\/","title":{"rendered":"Volfa un Lozbers sar\u016bp\u0113 Latvijai v\u0113l vienu meda\u013cu Eiropas junioru \u010dempion\u0101t\u0101 \u2013 Ziemas sports \u2013 Sportacentrs.com"},"content":{"rendered":"<p>Estere Volfa vakardien klasiskaj\u0101 distanc\u0113 izc\u012bn\u012bja sept\u012bto vietu Eiropas \u010dempion\u0101t\u0101, kam\u0113r Rihards Lozbers \u0161aj\u0101 distanc\u0113 ieguva bronzas meda\u013cu. Gan \u0161ie rezult\u0101ti, gan vi\u0146u abu \u0161\u012bs sezonas pieredze Pasaules kausa l\u012bmen\u012b \u013c\u0101va pieskait\u012bt Latvijas komandu E\u010c favor\u012bt\u0113m p\u0101ru stafet\u0113, un Lozbers un Volfa uz sevi likt\u0101s cer\u012bbas attaisnoja, nopelnot Latvijai otro meda\u013cu Eiropas junioru \u010dempion\u0101tu v\u0113stur\u0113.<\/p>\n<p>Volfa stafeti s\u0101ka ar gandr\u012bz perfektu \u0161au\u0161anu, izmantojot tikai vienu rezerves patronu, un pirmo stafetes posmu vi\u0146a nosl\u0113dza pirmaj\u0101 viet\u0101, tiesa, \u0160veices un Zviedrijas biatlonistes mina uz pap\u0113\u017eiem.<\/p>\n<p>Lozberam otraj\u0101 posm\u0101 vajadz\u0113ja pa div\u0101m rezerves patron\u0101m ab\u0101s \u0161au\u0161anas reiz\u0113s, ta\u010du perfekti nekl\u0101j\u0101s ar\u012b konkurentiem, un aizkav\u0113\u0161anos \u0161autuv\u0113 Rihards kompens\u0113ja ar \u0101tru soli tras\u0113. Vad\u012bbu gan vi\u0146\u0161 zaud\u0113ja, ta\u010du stafeti nodeva Volfai tre\u0161aj\u0101 viet\u0101, tikai desmit sekundes aiz l\u012bder\u0113m \u0160veices un Slov\u0101kijas.<\/p>\n<p>Tre\u0161aj\u0101 posm\u0101 Volfa izmantoja pa rezerves patronai ab\u0101s \u0161au\u0161an\u0101s, kas neliedza saglab\u0101t vietu lab\u0101ko trijniek\u0101, 13 sekundes aiz l\u012bderes Slov\u0101kijas un 14 sekundes priek\u0161\u0101 ceturtaj\u0101 viet\u0101 eso\u0161ajai \u0160veicei.<\/p>\n<p>Lozbers sept\u012btaj\u0101 \u0161au\u0161an\u0101 izmantoja vienu rezerves patronu un pac\u0113l\u0101s uz otro vietu, turkl\u0101t tikai da\u017eas sekundes aiz l\u012bderes Ukrainas, kas deva intrigu ar\u012b c\u012b\u0146ai par zeltu. Diem\u017e\u0113l p\u0113d\u0113j\u0101 \u0161au\u0161an\u0101 vi\u0146am neizdev\u0101s aizv\u0113rt visus m\u0113r\u0137us un n\u0101c\u0101s doties soda apl\u012b, kas zelta cer\u012bbas \u0161oreiz lika atlikt, ta\u010du meda\u013ca gan nekur nepalika &#8211; Lozbers p\u0113d\u0113jo \u0161au\u0161anu atst\u0101ja k\u0101 tre\u0161ais un \u0161aj\u0101 viet\u0101 ar\u012b fini\u0161\u0113ja, p\u0113d\u0113j\u0101 apl\u012b v\u0113l pietuvojoties l\u012bderiem. Fini\u0161\u0101 vi\u0146\u0161 no uzvar\u0113t\u0101jas Ukrainas atpalika 18 sekundes, bet tuv\u0101ko sekot\u0101ju Zviedriju p\u0101rsp\u0113ja par 14 sekund\u0113m.<\/p>\n<p>16 gadus vecajam Lozberam l\u012bdz ar to otr\u0101 bronza div\u0101s dien\u0101s, kam\u0113r Volfa guvusi savu pirmo c\u0113lmet\u0101lu Eiropas \u010dempion\u0101t\u0101 junioriem.<\/p>\n<p>\u0160aj\u0101s sacens\u012bb\u0101s ar\u012b nov\u0113rojama interesanta un Latvijas biatlonam glaimojo\u0161a statistika &#8211; visos \u010detros stafetes posmos \u0101tr\u0101kais sl\u0113pojuma laiks tras\u0113 bija Latvijas biatlonistam. Volfa bija vis\u0101tr\u0101k\u0101 pirmaj\u0101 un tre\u0161aj\u0101 posm\u0101, Lozbers bija \u0101tr\u0101kais otraj\u0101 un ceturtaj\u0101 posm\u0101, turkl\u0101t ceturtaj\u0101, p\u0113d\u0113j\u0101 posm\u0101, vi\u0146a sl\u0113pojuma \u0101trums bija par 23 sekund\u0113m lab\u0101ks nek\u0101 otram \u0101tr\u0101kajam biatlonistam.<\/p>\n<p>Atz\u012bstams pan\u0101kums ar\u012b m\u016bsu kaimi\u0146valsts sportistiem &#8211; Igaunija izmantoja tikai piecas rezerves patronas (tiesa, t\u0101pat sl\u0113poja vienu soda apli) un izc\u012bn\u012bja piekto vietu, kam\u0113r Lietuva ie\u0146\u0113ma 15. vietu ar pieciem soda ap\u013ciem. P\u0113c veiksm\u012bg\u0101 s\u0101kuma neveiksme sekoja Slov\u0101kijas, kurai beig\u0101s tr\u012bs soda ap\u013ci un sept\u012bt\u0101 vieta.<\/p>\n<p>E\u010c junioriem, Somija, p\u0101ru stafete<\/p>\n<tr>V.ValstsLaiks (s.a.+r.p.)<\/tr>\n<tr class=\"even\">\n<td>1.<\/td>\n<td>Ukraina<\/td>\n<td>37:29.1 (0+5)<\/td>\n<\/tr>\n<tr class=\"odd\">\n<td>2.<\/td>\n<td>\u0160veice<\/td>\n<td>+3.3 (0+9)<\/td>\n<\/tr>\n<tr class=\"even\">\n<td>3.<\/td>\n<td>Latvija<\/td>\n<td>+17.9 (1+11)<\/td>\n<\/tr>\n<tr class=\"odd\">\n<td>4.<\/td>\n<td>Zviedrija<\/td>\n<td>+27.2 (1+9)<\/td>\n<\/tr>\n<tr class=\"even\">\n<td>5.<\/td>\n<td>Igaunija<\/td>\n<td>+1:07.6 (1+5)<\/td>\n<\/tr>\n<tr class=\"odd\">\n<td>6.<\/td>\n<td>\u010cehija<\/td>\n<td>+1:20.5 (0+9)<\/td>\n<\/tr>\n<p>Piedal\u012bj\u0101s 20 valstis<\/p>\n<p>Eiropas \u010dempion\u0101ts junioriem, Somija<\/p>\n<tr>DienaLaiksSacens\u012bbas<\/tr>\n<tr class=\"even\">\n<td>21.01.<\/td>\n<td class=\"ralign\">10:30<\/td>\n<td>12.5km klasika junior\u0113m<\/td>\n<\/tr>\n<tr class=\"odd\">\n<td\/>\n<td class=\"ralign\">14:15<\/td>\n<td>15km klasika junioriem<\/td>\n<\/tr>\n<tr class=\"even\">\n<td>22.01.<\/td>\n<td class=\"ralign\">10:30<\/td>\n<td>Jaukt\u0101 stafete junioriem<\/td>\n<\/tr>\n<tr class=\"odd\">\n<td\/>\n<td class=\"ralign\">14:00<\/td>\n<td>P\u0101ru stafete junioriem<\/td>\n<\/tr>\n<tr class=\"even\">\n<td>24.01.<\/td>\n<td class=\"ralign\">10:30<\/td>\n<td>7.5km sprints junior\u0113m<\/td>\n<\/tr>\n<tr class=\"odd\">\n<td\/>\n<td class=\"ralign\">14:10<\/td>\n<td>10km sprints junioriem<\/td>\n<\/tr>\n<tr class=\"even\">\n<td>25.01.<\/td>\n<td class=\"ralign\">10:30<\/td>\n<td>9km masu starts 60 junior\u0113m<\/td>\n<\/tr>\n<tr class=\"odd\">\n<td\/>\n<td class=\"ralign\">13:15<\/td>\n<td>12km masu starts 60 junioriem<\/td>\n<\/tr>\n","protected":false},"excerpt":{"rendered":"Estere Volfa vakardien klasiskaj\u0101 distanc\u0113 izc\u012bn\u012bja sept\u012bto vietu Eiropas \u010dempion\u0101t\u0101, kam\u0113r Rihards Lozbers \u0161aj\u0101 distanc\u0113 ieguva bronzas meda\u013cu.&hellip;\n","protected":false},"author":2,"featured_media":110955,"comment_status":"","ping_status":"","sticky":false,"template":"","format":"standard","meta":{"footnotes":""},"categories":[5],"tags":[23,28,29,32,33,22,30,31,35,39,38,36,37,34,40,20,26,27,24,25,620,21],"class_list":{"0":"post-110954","1":"post","2":"type-post","3":"status-publish","4":"format-standard","5":"has-post-thumbnail","7":"category-aktualitates","8":"tag-aktualitates","9":"tag-breaking-news","10":"tag-breakingnews","11":"tag-featured-news","12":"tag-featurednews","13":"tag-headlines","14":"tag-latest-news","15":"tag-latestnews","16":"tag-latvia","17":"tag-latvian","18":"tag-latviesu","19":"tag-latviesu-valoda","20":"tag-latviesuvaloda","21":"tag-latvija","22":"tag-lv","23":"tag-news","24":"tag-popularakas-zinas","25":"tag-popularakaszinas","26":"tag-top-stories","27":"tag-topstories","28":"tag-ziemas-sports","29":"tag-zinas"},"share_on_mastodon":{"url":"https:\/\/pubeurope.com\/@lv\/115938947366701375","error":""},"_links":{"self":[{"href":"https:\/\/www.europesays.com\/lv\/wp-json\/wp\/v2\/posts\/110954","targetHints":{"allow":["GET"]}}],"collection":[{"href":"https:\/\/www.europesays.com\/lv\/wp-json\/wp\/v2\/posts"}],"about":[{"href":"https:\/\/www.europesays.com\/lv\/wp-json\/wp\/v2\/types\/post"}],"author":[{"embeddable":true,"href":"https:\/\/www.europesays.com\/lv\/wp-json\/wp\/v2\/users\/2"}],"replies":[{"embeddable":true,"href":"https:\/\/www.europesays.com\/lv\/wp-json\/wp\/v2\/comments?post=110954"}],"version-history":[{"count":0,"href":"https:\/\/www.europesays.com\/lv\/wp-json\/wp\/v2\/posts\/110954\/revisions"}],"wp:featuredmedia":[{"embeddable":true,"href":"https:\/\/www.europesays.com\/lv\/wp-json\/wp\/v2\/media\/110955"}],"wp:attachment":[{"href":"https:\/\/www.europesays.com\/lv\/wp-json\/wp\/v2\/media?parent=110954"}],"wp:term":[{"taxonomy":"category","embeddable":true,"href":"https:\/\/www.europesays.com\/lv\/wp-json\/wp\/v2\/categories?post=110954"},{"taxonomy":"post_tag","embeddable":true,"href":"https:\/\/www.europesays.com\/lv\/wp-json\/wp\/v2\/tags?post=110954"}],"curies":[{"name":"wp","href":"https:\/\/api.w.org\/{rel}","templated":true}]}}