{"id":110958,"date":"2026-01-22T13:25:10","date_gmt":"2026-01-22T13:25:10","guid":{"rendered":"https:\/\/www.europesays.com\/lv\/110958\/"},"modified":"2026-01-22T13:25:10","modified_gmt":"2026-01-22T13:25:10","slug":"florbolisti-lekrings-parliecinosi-uzvar-fk-irlava-i-s-a-m-nodrosinot-ceturto-vietu-un-prieksrocibas-ceturtdalfinala-lente-lv","status":"publish","type":"post","link":"https:\/\/www.europesays.com\/lv\/110958\/","title":{"rendered":"Florbolisti &#8220;Lekrings&#8221; p\u0101rliecino\u0161i uzvar FK &#8220;Irlava\/I.S.A.M.&#8221;, nodro\u0161inot ceturto vietu un priek\u0161roc\u012bbas ceturtda\u013cfin\u0101l\u0101\u00a0\u2014\u00a0Lente.lv"},"content":{"rendered":"<p>C\u0113snieki svin p\u0101rliecino\u0161u uzvaru<\/p>\n<p>Elv\u012b v\u012brie\u0161u florbola virsl\u012bg\u0101 C\u0113su &#8220;Lekrings&#8221; komanda sav\u0101 laukum\u0101 guvusi p\u0101rliecino\u0161u uzvaru p\u0101r FK &#8220;Irlava\/I.S.A.M.&#8221;, uzvarot ar rezult\u0101tu 11:3. \u0160is pan\u0101kums nodro\u0161ina C\u0113su vien\u012bbai ceturto vietu turn\u012bra tabul\u0101 un priek\u0161roc\u012bbas ceturtda\u013cfin\u0101la s\u0113rij\u0101, \u013caujot sp\u0113l\u0113t sav\u0101s m\u0101j\u0101s.<\/p>\n<p>Sp\u0113les gaita un rezult\u0101ts<\/p>\n<p>Sp\u0113le, kas norisin\u0101j\u0101s 2026. gada 18. janv\u0101r\u012b C\u0113su sporta kompleks\u0101, p\u0113c sp\u0113les protokola datiem, nosl\u0113dz\u0101s ar rezult\u0101tu 11:3 par labu &#8220;Lekrings&#8221;. Lai gan pretinieku komanda FK &#8220;Irlava\/I.S.A.M.&#8221; nav izc\u012bn\u012bjusi punktus \u0161aj\u0101 sp\u0113l\u0113, vi\u0146u sniegums ir nov\u0113rt\u0113jams, sp\u0113l\u0113jot pret sp\u0113c\u012bgu pretinieku.<\/p>\n<p>Turn\u012bra tabulas situ\u0101cija un izsl\u0113g\u0161anas sp\u0113les<\/p>\n<p>Ar \u0161o uzvaru &#8220;Lekrings&#8221; nostiprin\u0101jusi savu poz\u012bciju turn\u012bra tabulas aug\u0161da\u013c\u0101, nodro\u0161inot sev ceturto vietu pirms izsl\u0113g\u0161anas sp\u0113\u013cu s\u0101kuma. Tas noz\u012bm\u0113, ka ceturtda\u013cfin\u0101l\u0101 vi\u0146iem b\u016bs m\u0101jas sp\u0113\u013cu priek\u0161roc\u012bbas, kas bie\u017ei vien ir iz\u0161\u0137iro\u0161s faktors iz\u0161\u0137iro\u0161aj\u0101s c\u012b\u0146\u0101s par meda\u013c\u0101m. Tikm\u0113r FK &#8220;Irlava\/I.S.A.M.&#8221; turpin\u0101s c\u012bn\u012bties par sav\u0101m poz\u012bcij\u0101m l\u012bg\u0101, mekl\u0113jot punktus un uzlabojot sniegumu.<\/p>\n<p>Par komand\u0101m<\/p>\n<p>Florbola klubs &#8220;Lekrings&#8221; ir viena no Latvijas florbola trad\u012bcij\u0101m bag\u0101t\u0101kaj\u0101m komand\u0101m, dibin\u0101ta 1992. gad\u0101 C\u0113s\u012bs. T\u0101 ir vair\u0101kk\u0101rt\u0113ja Latvijas \u010dempione, ieguvusi titulus ar\u012b 2008.\/09., 2012.\/13., 2013.\/14., 2014.\/15. un 2021.\/2022. gada sezon\u0101s . Komanda savas m\u0101jas sp\u0113les aizvada C\u0113su sporta kompleks\u0101 . FK &#8220;Irlava\/I.S.A.M.&#8221; ir komanda no Irlavas, kas ar\u012b piedal\u0101s Elv\u012b florbola virsl\u012bg\u0101 . Vi\u0146u m\u0101jas sp\u0113les notiek Irlavas sporta nam\u0101 .<\/p>\n","protected":false},"excerpt":{"rendered":"C\u0113snieki svin p\u0101rliecino\u0161u uzvaru Elv\u012b v\u012brie\u0161u florbola virsl\u012bg\u0101 C\u0113su &#8220;Lekrings&#8221; komanda sav\u0101 laukum\u0101 guvusi p\u0101rliecino\u0161u uzvaru p\u0101r FK&hellip;\n","protected":false},"author":2,"featured_media":110959,"comment_status":"","ping_status":"","sticky":false,"template":"","format":"standard","meta":{"footnotes":"","_share_on_mastodon":"0"},"categories":[17],"tags":[26132,26133,283,2576,35,39,38,36,37,34,571,40,67],"class_list":["post-110958","post","type-post","status-publish","format-standard","has-post-thumbnail","category-sports","tag-elvi-florbola-virsliga","tag-fk-irlava-i-s-a-m","tag-florbols","tag-izslegsanas-speles","tag-latvia","tag-latvian","tag-latviesu","tag-latviesu-valoda","tag-latviesuvaloda","tag-latvija","tag-lekrings","tag-lv","tag-sports"],"share_on_mastodon":{"url":"https:\/\/pubeurope.com\/@lv\/115938978838945085","error":""},"_links":{"self":[{"href":"https:\/\/www.europesays.com\/lv\/wp-json\/wp\/v2\/posts\/110958","targetHints":{"allow":["GET"]}}],"collection":[{"href":"https:\/\/www.europesays.com\/lv\/wp-json\/wp\/v2\/posts"}],"about":[{"href":"https:\/\/www.europesays.com\/lv\/wp-json\/wp\/v2\/types\/post"}],"author":[{"embeddable":true,"href":"https:\/\/www.europesays.com\/lv\/wp-json\/wp\/v2\/users\/2"}],"replies":[{"embeddable":true,"href":"https:\/\/www.europesays.com\/lv\/wp-json\/wp\/v2\/comments?post=110958"}],"version-history":[{"count":0,"href":"https:\/\/www.europesays.com\/lv\/wp-json\/wp\/v2\/posts\/110958\/revisions"}],"wp:featuredmedia":[{"embeddable":true,"href":"https:\/\/www.europesays.com\/lv\/wp-json\/wp\/v2\/media\/110959"}],"wp:attachment":[{"href":"https:\/\/www.europesays.com\/lv\/wp-json\/wp\/v2\/media?parent=110958"}],"wp:term":[{"taxonomy":"category","embeddable":true,"href":"https:\/\/www.europesays.com\/lv\/wp-json\/wp\/v2\/categories?post=110958"},{"taxonomy":"post_tag","embeddable":true,"href":"https:\/\/www.europesays.com\/lv\/wp-json\/wp\/v2\/tags?post=110958"}],"curies":[{"name":"wp","href":"https:\/\/api.w.org\/{rel}","templated":true}]}}