{"id":11098,"date":"2025-10-03T05:56:03","date_gmt":"2025-10-03T05:56:03","guid":{"rendered":"https:\/\/www.europesays.com\/lv\/11098\/"},"modified":"2025-10-03T05:56:03","modified_gmt":"2025-10-03T05:56:03","slug":"silina-saeima-iztur-uzticibas-balsojumu-dienas-bizness","status":"publish","type":"post","link":"https:\/\/www.europesays.com\/lv\/11098\/","title":{"rendered":"Sili\u0146a Saeim\u0101 iztur uztic\u012bbas balsojumu :: Dienas Bizness"},"content":{"rendered":"<p class=\"text-font font-size--text-xlarge margin-3--bottom font-weight--bold padding-1--top\">Saeimas deput\u0101tu vair\u00ad\u0101kums \u0161odien noraid\u012bja opoz\u012bcijas deput\u0101tu demisijas piepras\u012bjumu Ministru prezidentei Evikai Sili\u0146ai (JV).<\/p>\n<p class=\"text-font font-size--text-xlarge margin-3--bottom\">Pret demisiju balsoja 46 deput\u0101ti, par &#8211; 38, bet balsojum\u0101 attur\u0113j\u0101s viens deput\u0101ts &#8211; Uldis Augulis (ZZS). Savuk\u0101rt Andrejs Ce\u013cap\u012bters izv\u0113l\u0113j\u0101s balsojum\u0101 visp\u0101r nepiedal\u012bties.<\/p>\n<p class=\"text-font font-size--text-xlarge margin-3--bottom\">Deput\u0101te Agnese Krasta (JV) pirms balsojuma Saeim\u0101 inform\u0113ja, ka premjere pa\u0161laik tiekas ar Eiropas l\u012bderiem, t\u0101p\u0113c nevar\u0113ja ierasties uz Saeimas s\u0113di, kur\u0101 tiek skat\u012bts vi\u0146as demisijas piepras\u012bjums.<\/p>\n<p class=\"text-font font-size--text-xlarge margin-3--bottom\">Deput\u0101te \u012bsum\u0101 atskait\u012bj\u0101s par Sili\u0146as paveikto, pau\u017eot v\u0113rt\u0113jumu, ka premjeres vad\u012bt\u0101 vald\u012bba ir dar\u012bjusi daudz, lai stiprin\u0101tu valsts aizsardz\u012bbu, da\u017e\u0101du aizliegumu noteik\u0161anu Krievijas pilso\u0146iem un iek\u0161\u0113jo dro\u0161\u012bbu. Noz\u012bm\u012bgs darbs paveikts, lai pal\u012bdz\u0113tu Ukrainai, akcent\u0113ja Krasta, aicinot deput\u0101tus demisijas piepras\u012bjumu noraid\u012bt.<\/p>\n<p class=\"text-font font-size--text-xlarge margin-3--bottom\">Opoz\u012bcijas deput\u0101te Linda Liepi\u0146a (LPV) kritiz\u0113ja Sili\u0146as darbu un ieteica Saeimas deput\u0101tiem uz parlamentu &#8220;nenest bud\u017eeta portfeli, ja tam ir tikai 48 balsis&#8221;.<\/p>\n<p class=\"text-font font-size--text-xlarge margin-3--bottom\">Cits opozicion\u0101rs M\u0101rcis Jenc\u012btis (LPV) p\u0101rmeta, ka Sili\u0146a nodarbojoties ar &#8220;politisko liekul\u012bbu&#8221;. Vi\u0146a skat\u012bjum\u0101, &#8220;Jaunajai vienot\u012bbai&#8221; mazin\u0101s atbalst\u012bt\u0101ju loks. Jenc\u012btis vainoja Sili\u0146as vald\u012bbu pie dzimst\u012bbas samazin\u0101\u0161an\u0101s un &#8220;re\u0101lu darb\u012bbu neveik\u0161anas&#8221;, lai stiprin\u0101tu \u0123imenes. T\u0101pat vi\u0146\u0161 p\u0101rmeta skolu sl\u0113g\u0161anu un saskat\u012bja migr\u0101cijas veicin\u0101\u0161anu. &#8220;J\u016bs rad\u0101t haosu un t\u0113lojat gl\u0101b\u0113ju, aizsedzoties aiz kara draudiem,&#8221; sprieda opozicion\u0101rs.<\/p>\n<p class=\"text-font font-size--text-xlarge margin-3--bottom\">Opoz\u012bcijas deput\u0101ts Art\u016brs But\u0101ns (NA) skuma, ka koal\u012bcija neiesaist\u0101s opoz\u012bcijas rais\u012btaj\u0101s debat\u0113s un neizskanot atsp\u0113kojumi premjerei izteiktajiem p\u0101rmetumiem. Vi\u0146\u0161 aicin\u0101ja koal\u012bcijas deput\u0101tus akt\u012bv\u0101k izst\u0101st\u012bt par paveikto un aizst\u0101v\u0113t savu poz\u012bciju. Vi\u0146\u0161 ar\u012b p\u0101rmeta Sili\u0146as vald\u012bbai nesp\u0113ju aptur\u0113t &#8220;tirgo\u0161anos ar Krieviju&#8221;. &#8220;\u0160is piepras\u012bjums ir par ekonomisk\u0101s p\u0101rtrauk\u0161anu ar Krieviju,&#8221; apgalvoja But\u0101ns, kur\u0161 uzskata, ka netiekot dar\u012bts nekas, lai ierobe\u017eotu Krievijas pre\u010du tirdzniec\u012bbu Latvij\u0101.<\/p>\n<p class=\"text-font font-size--text-xlarge margin-3--bottom\">But\u0101nam piebalsoja partijas biedrs J\u0101nis Vitenbergs (NA), kuru ar\u012b apb\u0113din\u0101ja, ka Sili\u0146a nav ieradusies uz Saeimas s\u0113di, t\u0101p\u0113c opoz\u012bcija &#8220;b\u016b\u0161ot spiesta&#8221; Sili\u0146as demisiju piepras\u012bt atk\u0101rtoti. Vitenbergs v\u0113rt\u0113ja &#8211; t\u0101 k\u0101 koal\u012bcija Saeimas s\u0113d\u0113 atkal nav sp\u0113jusi nodro\u0161in\u0101t kvorumu, t\u0101 neesot r\u012bc\u012bbsp\u0113j\u012bga.<\/p>\n<p class=\"text-font font-size--text-xlarge margin-3--bottom\">Opoz\u012bcijas deput\u0101ts Adris Kulbergs (AS), kur\u0161 pats ir pieteicis amb\u012bcijas uz premjera kr\u0113slu, savuk\u0101rt uzskata, ka netiekot risin\u0101ti jaut\u0101jumi, kuri skar &#8220;Rail Baltica&#8221;. Vi\u0146apr\u0101t, premjere vainojama pie t\u0101, ka joproj\u0101m nav noteikta viena par projektu atbild\u012bg\u0101 persona, kura atbild\u0113tu par projekta \u012bsteno\u0161anu un finans\u0113jumu.<\/p>\n<p class=\"text-font font-size--text-xlarge margin-3--bottom\">&#8220;Apvienot\u0101 saraksta&#8221; (AS) Saeimas frakcijas vad\u012bt\u0101js Edgars Tavars uzskata, ka \u0161obr\u012bd no vald\u012bbas vad\u012bt\u0101jas nevarot redz\u0113t nek\u0101du r\u012bc\u012bbu, kas liecin\u0101tu par to, ka cilv\u0113kiem dz\u012bve paliktu lab\u0101ka. Ar\u012b Tavars v\u0113rsa uzman\u012bbu uz to, ka koal\u012bcijai s\u0113d\u0113 tr\u016bka balsu, lai nodro\u0161in\u0101tu kvorumu, bet t\u0101 viet\u0101 starp koal\u012bcijas partij\u0101m esot vien dzirdama agres\u012bva v\u0101rdu apmai\u0146a.<\/p>\n<p class=\"text-font font-size--text-xlarge margin-3--bottom\">Savuk\u0101rt opozicion\u0101re Svetlana \u010culkova (&#8220;Stabilit\u0101tei&#8221;) pauda neizpratni, k\u0101p\u0113c Sili\u0146as demisijas piepras\u012bjums pamatots ar Krievijas jaut\u0101jumu. Vi\u0146aspr\u0101t, t\u0101 esot liekul\u012bba. &#8220;J\u016bs vienk\u0101r\u0161i gribat tikt pie bud\u017eeta un sadal\u012bt to. Krievijas jaut\u0101jums ir tikai un vien\u012bgi manipul\u0101cija,&#8221; sprieda \u010culkova, aicinot &#8220;uz komunik\u0101ciju un diplom\u0101tiju ar visiem kaimi\u0146iem&#8221;. Balsojum\u0101 \u010culkovas vad\u012bt\u0101 frakcija gan piebalsoja AS un NA.<\/p>\n<p class=\"text-font font-size--text-xlarge margin-3--bottom\">Neuztic\u012bbas izteik\u0161anu bija rosin\u0101ju\u0161as Saeim\u0101 opoz\u012bcij\u0101 eso\u0161\u0101s partijas Nacion\u0101l\u0101 apvien\u012bba (NA) un &#8220;Apvienotais saraksts&#8221;. Balsojums notika apst\u0101k\u013cos, kad pamat\u012bgi sa\u0161\u0137ob\u012bju\u0161\u0101s attiec\u012bbas ar\u012b pa\u0161\u0101 koal\u012bcij\u0101 starp &#8220;Jauno vienot\u012bbu&#8221; (JV), &#8220;Progres\u012bvajiem&#8221; un Za\u013co un zemnieku savien\u012bbu (ZZS). Koal\u012bcijas partneri ir sol\u012bju\u0161ies vismaz pagaid\u0101m str\u0101d\u0101t kop\u0101, lai pie\u0146emtu n\u0101kam\u0101 gada &#8220;dro\u0161\u012bbas bud\u017eetu&#8221;.<\/p>\n<p class=\"text-font font-size--text-xlarge margin-3--bottom\">Opozicion\u0101ri \u0161oreiz demisijas piepras\u012bjumu bija pamatoju\u0161i, apgalvojot, ka &#8220;vald\u012bba ilgsto\u0161i nesp\u0113j pie\u0146emt izl\u0113m\u012bgus l\u0113mumus, lai p\u0101rtrauktu ekonomisko sadarb\u012bbu ar Krieviju un Baltkrieviju&#8221;.<\/p>\n<p class=\"text-font font-size--text-xlarge margin-3--bottom\">&#8220;Jaunajai vienot\u012bbai&#8221; Saeim\u0101 ir 25 deput\u0101ti, ZZS frakcij\u0101 &#8211; 16 deput\u0101ti, bet &#8220;Progres\u012bvo&#8221; rind\u0101s &#8211; asto\u0146i Saeimas deput\u0101ti. AS ir 13 deput\u0101ti, NA &#8211; 12 deput\u0101ti, &#8220;Latvija pirmaj\u0101 viet\u0101&#8221; un &#8220;Stabilit\u0101tei&#8221; &#8211; katr\u0101 pa asto\u0146iem deput\u0101tiem. V\u0113l Saeim\u0101 ir 10 pie frakcij\u0101m nepiedero\u0161i deput\u0101ti, da\u013ca no kuriem Sili\u0146as vald\u012bbai nodro\u0161ina pavisam minim\u0101lu balsu vair\u0101kumu parlament\u0101.<\/p>\n<p class=\"text-font font-size--text-xlarge margin-3--bottom\">Sili\u0146a par vald\u012bbas vad\u012bt\u0101ju k\u013cuva 2023.gada 15.septembr\u012b, Saeim\u0101 sa\u0146emot 53 deput\u0101tu atbalstu. Jaunas vald\u012bbas izveide bija nepiecie\u0161ama, jo iepriek\u0161\u0113jais premjers &#8211; Kri\u0161j\u0101nis Kari\u0146\u0161 (JV) &#8211; 17.august\u0101 demision\u0113ja.<\/p>\n","protected":false},"excerpt":{"rendered":"Saeimas deput\u0101tu vair\u00ad\u0101kums \u0161odien noraid\u012bja opoz\u012bcijas deput\u0101tu demisijas piepras\u012bjumu Ministru prezidentei Evikai Sili\u0146ai (JV). Pret demisiju balsoja 46&hellip;\n","protected":false},"author":2,"featured_media":11099,"comment_status":"","ping_status":"","sticky":false,"template":"","format":"standard","meta":{"footnotes":""},"categories":[12],"tags":[23,869,77,870,28,29,867,32,33,22,30,31,35,39,38,36,37,34,871,868,40,20,26,27,24,25,21],"class_list":{"0":"post-11098","1":"post","2":"type-post","3":"status-publish","4":"format-standard","5":"has-post-thumbnail","7":"category-latvija","8":"tag-aktualitates","9":"tag-biznesa-zinas","10":"tag-bizness","11":"tag-bizness-latvija","12":"tag-breaking-news","13":"tag-breakingnews","14":"tag-dienas-zinas","15":"tag-featured-news","16":"tag-featurednews","17":"tag-headlines","18":"tag-latest-news","19":"tag-latestnews","20":"tag-latvia","21":"tag-latvian","22":"tag-latviesu","23":"tag-latviesu-valoda","24":"tag-latviesuvaloda","25":"tag-latvija","26":"tag-latvijas-biznesa-zinas","27":"tag-latvijas-zinas","28":"tag-lv","29":"tag-news","30":"tag-popularakas-zinas","31":"tag-popularakaszinas","32":"tag-top-stories","33":"tag-topstories","34":"tag-zinas"},"share_on_mastodon":{"url":"","error":""},"_links":{"self":[{"href":"https:\/\/www.europesays.com\/lv\/wp-json\/wp\/v2\/posts\/11098","targetHints":{"allow":["GET"]}}],"collection":[{"href":"https:\/\/www.europesays.com\/lv\/wp-json\/wp\/v2\/posts"}],"about":[{"href":"https:\/\/www.europesays.com\/lv\/wp-json\/wp\/v2\/types\/post"}],"author":[{"embeddable":true,"href":"https:\/\/www.europesays.com\/lv\/wp-json\/wp\/v2\/users\/2"}],"replies":[{"embeddable":true,"href":"https:\/\/www.europesays.com\/lv\/wp-json\/wp\/v2\/comments?post=11098"}],"version-history":[{"count":0,"href":"https:\/\/www.europesays.com\/lv\/wp-json\/wp\/v2\/posts\/11098\/revisions"}],"wp:featuredmedia":[{"embeddable":true,"href":"https:\/\/www.europesays.com\/lv\/wp-json\/wp\/v2\/media\/11099"}],"wp:attachment":[{"href":"https:\/\/www.europesays.com\/lv\/wp-json\/wp\/v2\/media?parent=11098"}],"wp:term":[{"taxonomy":"category","embeddable":true,"href":"https:\/\/www.europesays.com\/lv\/wp-json\/wp\/v2\/categories?post=11098"},{"taxonomy":"post_tag","embeddable":true,"href":"https:\/\/www.europesays.com\/lv\/wp-json\/wp\/v2\/tags?post=11098"}],"curies":[{"name":"wp","href":"https:\/\/api.w.org\/{rel}","templated":true}]}}