{"id":111037,"date":"2026-01-22T14:59:07","date_gmt":"2026-01-22T14:59:07","guid":{"rendered":"https:\/\/www.europesays.com\/lv\/111037\/"},"modified":"2026-01-22T14:59:07","modified_gmt":"2026-01-22T14:59:07","slug":"pec-tiksanas-ar-zelenski-tramps-pazino-savu-vestijumu-putinam-1188-lv","status":"publish","type":"post","link":"https:\/\/www.europesays.com\/lv\/111037\/","title":{"rendered":"P\u0113c tik\u0161an\u0101s ar Zelenski, Tramps pazi\u0146o savu v\u0113st\u012bjumu Putinam &#8211; 1188.lv"},"content":{"rendered":"<ol>\n<li><a href=\"https:\/\/news.google.com\/rss\/articles\/CBMimAFBVV95cUxORUJ2QWVXeG9BUG00bzNrTTlVYktaQ0pWXzV4Mm5pN0UzY2t6bjBvQWp4S2sxZ2hheEFvYi1vV2pCY09GTlROdDZ2ZFdib3UzRDNaMG9YeFotOHJOenhJSlZjX2JVQWhQUG5WQ2NHM1RQYWdOZ1JGM25PWnU1TkZPVmhvcjBxekhqc3c3T1pic2k0cm1nOS04aA?oc=5\" target=\"_blank\" rel=\"nofollow noopener\">P\u0113c tik\u0161an\u0101s ar Zelenski, Tramps pazi\u0146o savu v\u0113st\u012bjumu Putinam<\/a>&nbsp;&nbsp;1188.lv<\/li>\n<li><a href=\"https:\/\/news.google.com\/rss\/articles\/CBMigwFBVV95cUxPaDFrSW12TzA4SEMyOXRoWUtiSlhuS2ktUEEtTHJRY1pCV2xtbG4ycTlFZlpLZklnWF9rZlFVcmhRTW9LelJiNnNXTDJwaWdTREJ2Z2kteWNQVC13TVRweWNpaWdSWGRSckk5YTRBM1FkVXZGemhGcjc4Nk9ZUXZGckd1aw?oc=5\" target=\"_blank\" rel=\"nofollow noopener\">Tramps aicina Krieviju izbeigt karu pret Ukrainu<\/a>&nbsp;&nbsp;TVNET<\/li>\n<li><a href=\"https:\/\/news.google.com\/rss\/articles\/CBMirgFBVV95cUxQU29SVFo2VFlEenc1RklFX3dTS3Z2RXpYeEpvZHJBcDhFTlYwSVFydUxrZjFzQVg0eEMtOEVBeWVUVTJ2ODVOUV9JenE1Qk5JUVNWcWtmc1lKTkZuS25wdDhqVDZ6dkwxRmhZYTEtSnctRnh6Yllya05RNFNHYnotNC00c1ViTkVKRU1EdmZrd1NnWEdlQ245aEF5TDdMU3dQRVYwcThpeXZxLUVMQ1E?oc=5\" target=\"_blank\" rel=\"nofollow noopener\">ASV \u012bpa\u0161ais s\u016btnis St\u012bvs Vitkofs: Miera sarun\u0101s atlicis viens jaut\u0101jums<\/a>&nbsp;&nbsp;Jauns.lv<\/li>\n<li><a href=\"https:\/\/news.google.com\/rss\/articles\/CBMirwFBVV95cUxNWmk5OG9sTnZobmdWMVg4RHhTbjZONkZjSFB1YUstcDFKbTJobk5xNEFZcmgtVHFibVJ3X05EVS1Bc3A4R3VtLXFkVXp1VmtOX3BCS2NHYldnQUZqTVJvVFZyT09wUkN3WFpSTXhtZ29CVnlmdHRraDAtSlJnbXlMWEFNQ1NvaTJCMlk1Y2QycldrM3p3SDR1YXNJQUNSQmR0Q1pmOVpHOS11TXhMbUpN?oc=5\" target=\"_blank\" rel=\"nofollow noopener\">Ukrainas miera sarun\u0101s atlicis viens jaut\u0101jums, apgalvo Vitkofs<\/a>&nbsp;&nbsp;Delfi<\/li>\n<li><a href=\"https:\/\/news.google.com\/rss\/articles\/CBMiggFBVV95cUxNdUpCakV2UGptYVg4dHF6YktNMjJBUDFqWUdwSzgyZXYtOGVlMjQ5bV9SRDhJdmxZeUc1STM0YUIzRUw5emliNk5jTXNINFlrS2p1TVhocHV5cnFMaVR5Tjd3YTFuV0hjNjYtOS04X1pfZkZfSGNPc0wtTnBFVnFaNTF3?oc=5\" target=\"_blank\" rel=\"nofollow noopener\">\u0160odien gaid\u0101ma Trampa un Zelenska tik\u0161an\u0101s<\/a>&nbsp;&nbsp;NRA<\/li>\n<\/ol>\n","protected":false},"excerpt":{"rendered":"P\u0113c tik\u0161an\u0101s ar Zelenski, Tramps pazi\u0146o savu v\u0113st\u012bjumu Putinam&nbsp;&nbsp;1188.lv Tramps aicina Krieviju izbeigt karu pret Ukrainu&nbsp;&nbsp;TVNET ASV \u012bpa\u0161ais&hellip;\n","protected":false},"author":2,"featured_media":111038,"comment_status":"","ping_status":"","sticky":false,"template":"","format":"standard","meta":{"footnotes":""},"categories":[5],"tags":[129,960,3263,6141,23,28,29,32,33,22,30,31,35,39,38,36,37,34,40,20,26,27,961,6142,3264,962,6143,3265,24,25,21],"class_list":{"0":"post-111037","1":"post","2":"type-post","3":"status-publish","4":"format-standard","5":"has-post-thumbnail","7":"category-aktualitates","8":"tag-__typenameadvicekeyword","9":"tag-id1007","10":"tag-id555","11":"tag-id556","12":"tag-aktualitates","13":"tag-breaking-news","14":"tag-breakingnews","15":"tag-featured-news","16":"tag-featurednews","17":"tag-headlines","18":"tag-latest-news","19":"tag-latestnews","20":"tag-latvia","21":"tag-latvian","22":"tag-latviesu","23":"tag-latviesu-valoda","24":"tag-latviesuvaloda","25":"tag-latvija","26":"tag-lv","27":"tag-news","28":"tag-popularakas-zinas","29":"tag-popularakaszinas","30":"tag-slugdonalds-tramps","31":"tag-slugvladimirs-putins","32":"tag-slugvolodimirs-zelenskis","33":"tag-titledonalds-tramps","34":"tag-titlevladimirs-putins","35":"tag-titlevolodimirs-zelenskis","36":"tag-top-stories","37":"tag-topstories","38":"tag-zinas"},"share_on_mastodon":{"url":"","error":"Validation failed: Text character limit of 500 exceeded"},"_links":{"self":[{"href":"https:\/\/www.europesays.com\/lv\/wp-json\/wp\/v2\/posts\/111037","targetHints":{"allow":["GET"]}}],"collection":[{"href":"https:\/\/www.europesays.com\/lv\/wp-json\/wp\/v2\/posts"}],"about":[{"href":"https:\/\/www.europesays.com\/lv\/wp-json\/wp\/v2\/types\/post"}],"author":[{"embeddable":true,"href":"https:\/\/www.europesays.com\/lv\/wp-json\/wp\/v2\/users\/2"}],"replies":[{"embeddable":true,"href":"https:\/\/www.europesays.com\/lv\/wp-json\/wp\/v2\/comments?post=111037"}],"version-history":[{"count":0,"href":"https:\/\/www.europesays.com\/lv\/wp-json\/wp\/v2\/posts\/111037\/revisions"}],"wp:featuredmedia":[{"embeddable":true,"href":"https:\/\/www.europesays.com\/lv\/wp-json\/wp\/v2\/media\/111038"}],"wp:attachment":[{"href":"https:\/\/www.europesays.com\/lv\/wp-json\/wp\/v2\/media?parent=111037"}],"wp:term":[{"taxonomy":"category","embeddable":true,"href":"https:\/\/www.europesays.com\/lv\/wp-json\/wp\/v2\/categories?post=111037"},{"taxonomy":"post_tag","embeddable":true,"href":"https:\/\/www.europesays.com\/lv\/wp-json\/wp\/v2\/tags?post=111037"}],"curies":[{"name":"wp","href":"https:\/\/api.w.org\/{rel}","templated":true}]}}