{"id":111043,"date":"2026-01-22T15:06:18","date_gmt":"2026-01-22T15:06:18","guid":{"rendered":"https:\/\/www.europesays.com\/lv\/111043\/"},"modified":"2026-01-22T15:06:18","modified_gmt":"2026-01-22T15:06:18","slug":"intervija-%e2%9f%a9-ka-pieradinat-stepes-vilku-ralfs-eilands","status":"publish","type":"post","link":"https:\/\/www.europesays.com\/lv\/111043\/","title":{"rendered":"INTERVIJA \u27e9 K\u0101 pieradin\u0101t Stepes Vilku. Ralfs Eilands"},"content":{"rendered":"<p>Hermanis Hese sav\u0101 darb\u0101 \u201cStepes vilks\u201d rakst\u012bja par v\u012brieti, kur\u0101 vienlaikus dz\u012bvo vilks un cilv\u0113ks. Par pretrunu starp instinktu un apzi\u0146u, br\u012bv\u012bbu un vajadz\u012bbu p\u0113c pieder\u012bbas. Par to, ka vilku nevar salauzt \u2014 vi\u0146u var tikai pieradin\u0101t. Ar paciet\u012bbu. Ar kl\u0101tb\u016btni. Ar dro\u0161\u012bbu. Ralfs Eilands ir \u0161\u012bs paaudzes stepes vilks. Talant\u012bgs l\u012bdz p\u0101rs\u0101tin\u0101jumam. Flirt\u012bgs, dz\u012bvs, publikai atv\u0113rts. M\u0101kslinieks, kur\u0161 uz skatuves sp\u012bd, bet aizkulis\u0113s da\u017ek\u0101rt grib b\u016bt kluss, maigi pieglausties un justies dro\u0161s sav\u0101 teritorij\u0101. J\u0101, vi\u0146\u0161 \u0101tri iem\u012blas un \u0101tri deg kaisl\u0113. Sekss vi\u0146am ir svar\u012bgs. Vi\u0146\u0161 necie\u0161 roz\u0101 brilles un klasiskus randi\u0146us, bet raud romantisk\u0101 kino. Var izt\u0113loties sevi k\u0101zu uzvalk\u0101, bet ne turpin\u0101jum\u0101 b\u0113rnos. Vai Ralfi\u0146\u0161 ir beidzot pieaudzis? Vai vi\u0146\u0161 ir mier\u0101 ar sevi? Atbildes b\u016bs. Un t\u0101s neb\u016bs virspus\u0113jas.<\/p>\n","protected":false},"excerpt":{"rendered":"Hermanis Hese sav\u0101 darb\u0101 \u201cStepes vilks\u201d rakst\u012bja par v\u012brieti, kur\u0101 vienlaikus dz\u012bvo vilks un cilv\u0113ks. Par pretrunu starp&hellip;\n","protected":false},"author":2,"featured_media":111044,"comment_status":"","ping_status":"","sticky":false,"template":"","format":"standard","meta":{"footnotes":""},"categories":[19],"tags":[89,237,90,35,39,38,36,37,34,40,26141,9945,8125],"class_list":{"0":"post-111043","1":"post","2":"type-post","3":"status-publish","4":"format-standard","5":"has-post-thumbnail","7":"category-izklaide","8":"tag-entertainment","9":"tag-intervija","10":"tag-izklaide","11":"tag-latvia","12":"tag-latvian","13":"tag-latviesu","14":"tag-latviesu-valoda","15":"tag-latviesuvaloda","16":"tag-latvija","17":"tag-lv","18":"tag-melns-uz-balta-virietis","19":"tag-ralfs-eilands","20":"tag-tvnet-egoiste"},"share_on_mastodon":{"url":"https:\/\/pubeurope.com\/@lv\/115939376002141217","error":""},"_links":{"self":[{"href":"https:\/\/www.europesays.com\/lv\/wp-json\/wp\/v2\/posts\/111043","targetHints":{"allow":["GET"]}}],"collection":[{"href":"https:\/\/www.europesays.com\/lv\/wp-json\/wp\/v2\/posts"}],"about":[{"href":"https:\/\/www.europesays.com\/lv\/wp-json\/wp\/v2\/types\/post"}],"author":[{"embeddable":true,"href":"https:\/\/www.europesays.com\/lv\/wp-json\/wp\/v2\/users\/2"}],"replies":[{"embeddable":true,"href":"https:\/\/www.europesays.com\/lv\/wp-json\/wp\/v2\/comments?post=111043"}],"version-history":[{"count":0,"href":"https:\/\/www.europesays.com\/lv\/wp-json\/wp\/v2\/posts\/111043\/revisions"}],"wp:featuredmedia":[{"embeddable":true,"href":"https:\/\/www.europesays.com\/lv\/wp-json\/wp\/v2\/media\/111044"}],"wp:attachment":[{"href":"https:\/\/www.europesays.com\/lv\/wp-json\/wp\/v2\/media?parent=111043"}],"wp:term":[{"taxonomy":"category","embeddable":true,"href":"https:\/\/www.europesays.com\/lv\/wp-json\/wp\/v2\/categories?post=111043"},{"taxonomy":"post_tag","embeddable":true,"href":"https:\/\/www.europesays.com\/lv\/wp-json\/wp\/v2\/tags?post=111043"}],"curies":[{"name":"wp","href":"https:\/\/api.w.org\/{rel}","templated":true}]}}