{"id":111056,"date":"2026-01-22T15:29:08","date_gmt":"2026-01-22T15:29:08","guid":{"rendered":"https:\/\/www.europesays.com\/lv\/111056\/"},"modified":"2026-01-22T15:29:08","modified_gmt":"2026-01-22T15:29:08","slug":"pec-tiksanas-ar-zelenski-tramps-pazino-savu-vestijumu-putinam-1188-lv-2","status":"publish","type":"post","link":"https:\/\/www.europesays.com\/lv\/111056\/","title":{"rendered":"P\u0113c tik\u0161an\u0101s ar Zelenski, Tramps pazi\u0146o savu v\u0113st\u012bjumu Putinam &#8211; 1188.lv"},"content":{"rendered":"<ol>\n<li><a href=\"https:\/\/news.google.com\/rss\/articles\/CBMimwFBVV95cUxPTllYV005RWc4WFRqTkd6VGtGWW1lVEs0VXltSENKVTZZSEVyazJtS3dOM0pQV0JuSkIybVd0ckJMcE1Vc3RWVFFmVlIwR1gteHNBNU5IZUx1TTVRcHM5RVNLY1pCMU5BUDBnWGpOT0plY0p4Y2RybWFYUXNzOUtOTWVFV0xkWG5oTnpQSDktakxPUzJfVUxFX3VEYw?oc=5\" target=\"_blank\" rel=\"nofollow noopener\">P\u0113c tik\u0161an\u0101s ar Zelenski, Tramps pazi\u0146o savu v\u0113st\u012bjumu Putinam<\/a>&nbsp;&nbsp;1188.lv<\/li>\n<li><a href=\"https:\/\/news.google.com\/rss\/articles\/CBMinAFBVV95cUxPeUdVZ0xaQWdoZjJIT1R6YkpuRDJJWGJCX0sxLU5PcGROVmtHWFlMb2hUVjdvbEFUWU82NzdLaGhLQlZmVGJSeFVxYjVfWEdIcEQ1V2daWFc5QlRCdnNjaUg5cU5ZbnBiQkc5N0JsaE9zWXhuTVNLdVBoaUVmWHY2NFpaSm03UkgyZmh4WkVpRWp6OU00d1RpaE4wMTU?oc=5\" target=\"_blank\" rel=\"nofollow noopener\">Zelenskis: dokumenti par kara izbeig\u0161anu ir gandr\u012bz gatavi<\/a>&nbsp;&nbsp;Jauns.lv<\/li>\n<li><a href=\"https:\/\/news.google.com\/rss\/articles\/CBMirwFBVV95cUxNWmk5OG9sTnZobmdWMVg4RHhTbjZONkZjSFB1YUstcDFKbTJobk5xNEFZcmgtVHFibVJ3X05EVS1Bc3A4R3VtLXFkVXp1VmtOX3BCS2NHYldnQUZqTVJvVFZyT09wUkN3WFpSTXhtZ29CVnlmdHRraDAtSlJnbXlMWEFNQ1NvaTJCMlk1Y2QycldrM3p3SDR1YXNJQUNSQmR0Q1pmOVpHOS11TXhMbUpN?oc=5\" target=\"_blank\" rel=\"nofollow noopener\">Ukrainas miera sarun\u0101s atlicis viens jaut\u0101jums, apgalvo Vitkofs<\/a>&nbsp;&nbsp;Delfi<\/li>\n<li><a href=\"https:\/\/news.google.com\/rss\/articles\/CBMimwFBVV95cUxQMUgxN3Rrb3NQN3FmSFl1R2RZWnRIeWw4WnRUTjRfVzdaOXEwNlhtRkdUbnRXMXJTV0hkM2dNY09GUkt5eFNBc1RIR3BzbDJ5WXVSSTdDXzZqVUI1ZjhuM0hneFJfUzR1UlVQbVhDZV9aaWp4QmEzc0wzUXhmNlBqYkstNE1GRkZRcHFiWk0wUmh4clRWQktScmRUSQ?oc=5\" target=\"_blank\" rel=\"nofollow noopener\">Tramps: &#8220;tik\u0161an\u0101s ar prezidentu Zelenski bija laba. Paskat\u012bsimies, kas no t\u0101 izn\u0101ks&#8221;<\/a>&nbsp;&nbsp;NRA<\/li>\n<li><a href=\"https:\/\/news.google.com\/rss\/articles\/CBMiugFBVV95cUxOTDY4UGJSNHBQYmZ4MVFteVdmcm9kZkN6QjNIUzJmZDFrTW1ZUW9VYlQ3UjJTZW9SNDNyQTVlS2hVWG5lWmRJX0ctbWl3Y1VCeEZVRUJIaUUtelQ3T0Z0RTZXVzVfMHFwUU5LRndBRGUzZ3RNSV9UbER5WERsQUw1cEhSOUUwZFRkV3pqNDYxUHE3TEQtZ2pFQjNfSDRRWG5BX2RTbGFyb1JpdW9mUG0zdnBvYmtKX243YkE?oc=5\" target=\"_blank\" rel=\"nofollow noopener\">Paskat\u012bsimies, kas no t\u0101 izn\u0101ks! Tramps v\u0113r\u0161as pie Putina, aicinot vi\u0146u izdar\u012bt k\u0101du \u013coti svar\u012bgu lietu<\/a>&nbsp;&nbsp;LA.LV<\/li>\n<\/ol>\n","protected":false},"excerpt":{"rendered":"P\u0113c tik\u0161an\u0101s ar Zelenski, Tramps pazi\u0146o savu v\u0113st\u012bjumu Putinam&nbsp;&nbsp;1188.lv Zelenskis: dokumenti par kara izbeig\u0161anu ir gandr\u012bz gatavi&nbsp;&nbsp;Jauns.lv Ukrainas&hellip;\n","protected":false},"author":2,"featured_media":111038,"comment_status":"","ping_status":"","sticky":false,"template":"","format":"standard","meta":{"footnotes":""},"categories":[5],"tags":[129,960,3263,6141,23,28,29,32,33,22,30,31,35,39,38,36,37,34,40,20,26,27,961,6142,3264,962,6143,3265,24,25,21],"class_list":{"0":"post-111056","1":"post","2":"type-post","3":"status-publish","4":"format-standard","5":"has-post-thumbnail","7":"category-aktualitates","8":"tag-__typenameadvicekeyword","9":"tag-id1007","10":"tag-id555","11":"tag-id556","12":"tag-aktualitates","13":"tag-breaking-news","14":"tag-breakingnews","15":"tag-featured-news","16":"tag-featurednews","17":"tag-headlines","18":"tag-latest-news","19":"tag-latestnews","20":"tag-latvia","21":"tag-latvian","22":"tag-latviesu","23":"tag-latviesu-valoda","24":"tag-latviesuvaloda","25":"tag-latvija","26":"tag-lv","27":"tag-news","28":"tag-popularakas-zinas","29":"tag-popularakaszinas","30":"tag-slugdonalds-tramps","31":"tag-slugvladimirs-putins","32":"tag-slugvolodimirs-zelenskis","33":"tag-titledonalds-tramps","34":"tag-titlevladimirs-putins","35":"tag-titlevolodimirs-zelenskis","36":"tag-top-stories","37":"tag-topstories","38":"tag-zinas"},"share_on_mastodon":{"url":"","error":"Validation failed: Text character limit of 500 exceeded"},"_links":{"self":[{"href":"https:\/\/www.europesays.com\/lv\/wp-json\/wp\/v2\/posts\/111056","targetHints":{"allow":["GET"]}}],"collection":[{"href":"https:\/\/www.europesays.com\/lv\/wp-json\/wp\/v2\/posts"}],"about":[{"href":"https:\/\/www.europesays.com\/lv\/wp-json\/wp\/v2\/types\/post"}],"author":[{"embeddable":true,"href":"https:\/\/www.europesays.com\/lv\/wp-json\/wp\/v2\/users\/2"}],"replies":[{"embeddable":true,"href":"https:\/\/www.europesays.com\/lv\/wp-json\/wp\/v2\/comments?post=111056"}],"version-history":[{"count":0,"href":"https:\/\/www.europesays.com\/lv\/wp-json\/wp\/v2\/posts\/111056\/revisions"}],"wp:featuredmedia":[{"embeddable":true,"href":"https:\/\/www.europesays.com\/lv\/wp-json\/wp\/v2\/media\/111038"}],"wp:attachment":[{"href":"https:\/\/www.europesays.com\/lv\/wp-json\/wp\/v2\/media?parent=111056"}],"wp:term":[{"taxonomy":"category","embeddable":true,"href":"https:\/\/www.europesays.com\/lv\/wp-json\/wp\/v2\/categories?post=111056"},{"taxonomy":"post_tag","embeddable":true,"href":"https:\/\/www.europesays.com\/lv\/wp-json\/wp\/v2\/tags?post=111056"}],"curies":[{"name":"wp","href":"https:\/\/api.w.org\/{rel}","templated":true}]}}