{"id":111059,"date":"2026-01-22T15:34:08","date_gmt":"2026-01-22T15:34:08","guid":{"rendered":"https:\/\/www.europesays.com\/lv\/111059\/"},"modified":"2026-01-22T15:34:08","modified_gmt":"2026-01-22T15:34:08","slug":"saeima-konceptuali-atbalsta-stingrakas-prasibas-uzturesanas-atlauju-sanemejiem","status":"publish","type":"post","link":"https:\/\/www.europesays.com\/lv\/111059\/","title":{"rendered":"Saeima konceptu\u0101li atbalsta stingr\u0101kas pras\u012bbas uztur\u0113\u0161an\u0101s at\u013cauju sa\u0146\u0113m\u0113jiem"},"content":{"rendered":"<p>Saeima ceturtdien konceptu\u0101li atbalst\u012bja Imigr\u0101cijas likuma groz\u012bjumus, kas paredz stingr\u0101kas pras\u012bbas \u0101rvalstniekiem \u2013 termi\u0146uztur\u0113\u0161an\u0101s at\u013cauju sa\u0146\u0113m\u0113jiem \u2013, kuri atk\u0101rtoti p\u0101rk\u0101pu\u0161i Latvijas likumus. Lai izmai\u0146as st\u0101tos sp\u0113k\u0101, t\u0101s v\u0113l otraj\u0101 un tre\u0161aj\u0101 las\u012bjum\u0101 j\u0101atbalsta Saeimai, inform\u0113ja Saeimas preses dienests.<\/p>\n<p>Deput\u0101tu rosin\u0101tie groz\u012bjumi paredz, ka termi\u0146uztur\u0113\u0161an\u0101s at\u013cauju var\u0113s anul\u0113t, ja \u0101rvalstnieks viena gada laik\u0101 b\u016bs izdar\u012bjis tr\u012bs administrat\u012bvus p\u0101rk\u0101pumus sabiedrisk\u0101s k\u0101rt\u012bbas, p\u0101rvaldes vai ce\u013cu satiksmes jom\u0101.<\/p>\n<p>Likumprojekts attieksies uz administrat\u012bvajiem p\u0101rk\u0101pumiem, kas apdraud sabiedrisko k\u0101rt\u012bbu un dro\u0161\u012bbu, k\u0101 ar\u012b cie\u0146u pret personu vai Latvijas valsti. Piem\u0113ram, tie var b\u016bt p\u0101rk\u0101pumi par agres\u012bvu uzved\u012bbu, maznoz\u012bm\u012bgu miesas boj\u0101jumu nodar\u012b\u0161anu, par totalit\u0101ro re\u017e\u012bmu simbolu izmanto\u0161anu publisk\u0101 viet\u0101, seksu\u0101lu uzm\u0101k\u0161anos, k\u0101 ar\u012b ce\u013cu satiksmes noteikumu p\u0101rk\u0101pumi.<\/p>\n<p>\u0160is ir solis imigr\u0101cijas kontroles stiprin\u0101\u0161anas un sabiedrisk\u0101s dro\u0161\u012bbas veicin\u0101\u0161anas virzien\u0101. Ilgsto\u0161a uztur\u0113\u0161an\u0101s Latvij\u0101 ir privil\u0113\u0123ija, kas pien\u0101kas tikai tiem, kuri iev\u0113ro Latvijas likumus, r\u012bkojas atbild\u012bgi un respekt\u0113 valst\u012b noteikto k\u0101rt\u012bbu, nor\u0101da likumprojekta autori.<\/p>\n","protected":false},"excerpt":{"rendered":"Saeima ceturtdien konceptu\u0101li atbalst\u012bja Imigr\u0101cijas likuma groz\u012bjumus, kas paredz stingr\u0101kas pras\u012bbas \u0101rvalstniekiem \u2013 termi\u0146uztur\u0113\u0161an\u0101s at\u013cauju sa\u0146\u0113m\u0113jiem \u2013, kuri&hellip;\n","protected":false},"author":2,"featured_media":111060,"comment_status":"","ping_status":"","sticky":false,"template":"","format":"standard","meta":{"footnotes":""},"categories":[12],"tags":[23,28,29,47,32,33,22,381,64,30,31,35,39,38,36,37,34,40,20,385,26,27,172,382,384,383,24,25,21],"class_list":{"0":"post-111059","1":"post","2":"type-post","3":"status-publish","4":"format-standard","5":"has-post-thumbnail","7":"category-latvija","8":"tag-aktualitates","9":"tag-breaking-news","10":"tag-breakingnews","11":"tag-ekonomika","12":"tag-featured-news","13":"tag-featurednews","14":"tag-headlines","15":"tag-jaunumi","16":"tag-kultura","17":"tag-latest-news","18":"tag-latestnews","19":"tag-latvia","20":"tag-latvian","21":"tag-latviesu","22":"tag-latviesu-valoda","23":"tag-latviesuvaloda","24":"tag-latvija","25":"tag-lv","26":"tag-news","27":"tag-pieriga","28":"tag-popularakas-zinas","29":"tag-popularakaszinas","30":"tag-riga","31":"tag-sabiedriba","32":"tag-sludinajumi","33":"tag-sports-afisa","34":"tag-top-stories","35":"tag-topstories","36":"tag-zinas"},"share_on_mastodon":{"url":"https:\/\/pubeurope.com\/@lv\/115939486277636351","error":""},"_links":{"self":[{"href":"https:\/\/www.europesays.com\/lv\/wp-json\/wp\/v2\/posts\/111059","targetHints":{"allow":["GET"]}}],"collection":[{"href":"https:\/\/www.europesays.com\/lv\/wp-json\/wp\/v2\/posts"}],"about":[{"href":"https:\/\/www.europesays.com\/lv\/wp-json\/wp\/v2\/types\/post"}],"author":[{"embeddable":true,"href":"https:\/\/www.europesays.com\/lv\/wp-json\/wp\/v2\/users\/2"}],"replies":[{"embeddable":true,"href":"https:\/\/www.europesays.com\/lv\/wp-json\/wp\/v2\/comments?post=111059"}],"version-history":[{"count":0,"href":"https:\/\/www.europesays.com\/lv\/wp-json\/wp\/v2\/posts\/111059\/revisions"}],"wp:featuredmedia":[{"embeddable":true,"href":"https:\/\/www.europesays.com\/lv\/wp-json\/wp\/v2\/media\/111060"}],"wp:attachment":[{"href":"https:\/\/www.europesays.com\/lv\/wp-json\/wp\/v2\/media?parent=111059"}],"wp:term":[{"taxonomy":"category","embeddable":true,"href":"https:\/\/www.europesays.com\/lv\/wp-json\/wp\/v2\/categories?post=111059"},{"taxonomy":"post_tag","embeddable":true,"href":"https:\/\/www.europesays.com\/lv\/wp-json\/wp\/v2\/tags?post=111059"}],"curies":[{"name":"wp","href":"https:\/\/api.w.org\/{rel}","templated":true}]}}