{"id":11108,"date":"2025-10-03T06:05:07","date_gmt":"2025-10-03T06:05:07","guid":{"rendered":"https:\/\/www.europesays.com\/lv\/11108\/"},"modified":"2025-10-03T06:05:07","modified_gmt":"2025-10-03T06:05:07","slug":"locmelis-un-ansons-vairs-netrenejas-nhl-klubu-nometnes","status":"publish","type":"post","link":"https:\/\/www.europesays.com\/lv\/11108\/","title":{"rendered":"Lo\u010dmelis un Ansons vairs netren\u0113jas NHL klubu nometn\u0113s"},"content":{"rendered":"<p>Bostonas &#8220;Bruins&#8221; \u0123ener\u0101lmened\u017eeris Dons Sv\u012bnijs ceturtdien pazi\u0146oja, ka \u010detri sp\u0113l\u0113t\u0101ji, tai skait\u0101 Lo\u010dmelis, pievienosies <a href=\"https:\/\/sports.tvnet.lv\/term\/555653\/ahl\" class=\"topicLink\" target=\"_blank\" rel=\"nofollow noopener\">AHL<\/a> klubam Providensas &#8220;Bruins&#8221;.<\/p>\n<p>Savuk\u0101rt &#8220;Penguins&#8221; ceturtdien public\u0113taj\u0101 komandas sast\u0101v\u0101 vairs nav Ansona, kur\u0161 visticam\u0101k sezonu turpin\u0101s AHL komand\u0101 Vilksb\u0101ras\/Skrentonas &#8220;Penguins&#8221;.<\/p>\n<p>Ceturtdien uz f\u0101rmklubu AHL \u0160arlotas &#8220;Checkers&#8221; ir nos\u016bt\u012bts ar\u012b latvie\u0161u uzbruc\u0113js Sandis Vilmanis.<\/p>\n<p><a href=\"https:\/\/sports.tvnet.lv\/term\/10077\/nhl\" class=\"topicLink\" target=\"_blank\" rel=\"nofollow noopener\">NHL<\/a> klubu treni\u0146nometn\u0113s ir paliku\u0161i septi\u0146i latvie\u0161u sp\u0113l\u0113t\u0101ji &#8211; Art\u016brs \u0160ilovs (Pitsburgas &#8220;Penguins&#8221;), Elvis Merz\u013cikins (Kolumbusas &#8220;Blue Jackets&#8221;), Uvis Balinskis (Floridas &#8220;Panthers&#8221;), <a href=\"https:\/\/sports.tvnet.lv\/term\/555676\/teodors-blugers\" class=\"topicLink\" target=\"_blank\" rel=\"nofollow noopener\">Teodors B\u013cugers<\/a> (Vank\u016bveras &#8220;Canucks&#8221;), \u0112riks Mateiko (Va\u0161ingtonas &#8220;Capitals&#8221;), Zemgus Girgensons (Tampabejas &#8220;Lightning&#8221;) un <a href=\"https:\/\/sports.tvnet.lv\/term\/555678\/rodrigo-abols\" class=\"topicLink\" target=\"_blank\" rel=\"nofollow noopener\">Rodrigo \u0100bols<\/a> (Filadelfijas &#8220;Flyers&#8221;).<\/p>\n<p>NHL pirmssezonas p\u0101rbaudes sp\u0113les norisin\u0101sies l\u012bdz 4. oktobrim, bet NHL pamatturn\u012brs s\u0101ksies 7. oktobr\u012b.<\/p>\n<p>Pag\u0101ju\u0161aj\u0101 sezon\u0101 otro gadu p\u0113c k\u0101rtas par Stenlija kausa ieguv\u0113jiem k\u013cuva Floridas &#8220;Panthers&#8221; ar latvie\u0161u aizsargu Uvi Balinski sast\u0101v\u0101.<\/p>\n","protected":false},"excerpt":{"rendered":"Bostonas &#8220;Bruins&#8221; \u0123ener\u0101lmened\u017eeris Dons Sv\u012bnijs ceturtdien pazi\u0146oja, ka \u010detri sp\u0113l\u0113t\u0101ji, tai skait\u0101 Lo\u010dmelis, pievienosies AHL klubam Providensas &#8220;Bruins&#8221;.&hellip;\n","protected":false},"author":2,"featured_media":11109,"comment_status":"","ping_status":"","sticky":false,"template":"","format":"standard","meta":{"footnotes":""},"categories":[17],"tags":[3952,1905,1436,35,39,38,36,37,34,40,835,837,67,1903,2695,3953],"class_list":{"0":"post-11108","1":"post","2":"type-post","3":"status-publish","4":"format-standard","5":"has-post-thumbnail","7":"category-sports","8":"tag-ahl","9":"tag-dans-locmelis","10":"tag-elvis-merzlikins","11":"tag-latvia","12":"tag-latvian","13":"tag-latviesu","14":"tag-latviesu-valoda","15":"tag-latviesuvaloda","16":"tag-latvija","17":"tag-lv","18":"tag-nhl","19":"tag-rodrigo-abols","20":"tag-sports","21":"tag-tampabejas-lightning","22":"tag-teodors-blugers","23":"tag-uvis-balinskis"},"share_on_mastodon":{"url":"","error":""},"_links":{"self":[{"href":"https:\/\/www.europesays.com\/lv\/wp-json\/wp\/v2\/posts\/11108","targetHints":{"allow":["GET"]}}],"collection":[{"href":"https:\/\/www.europesays.com\/lv\/wp-json\/wp\/v2\/posts"}],"about":[{"href":"https:\/\/www.europesays.com\/lv\/wp-json\/wp\/v2\/types\/post"}],"author":[{"embeddable":true,"href":"https:\/\/www.europesays.com\/lv\/wp-json\/wp\/v2\/users\/2"}],"replies":[{"embeddable":true,"href":"https:\/\/www.europesays.com\/lv\/wp-json\/wp\/v2\/comments?post=11108"}],"version-history":[{"count":0,"href":"https:\/\/www.europesays.com\/lv\/wp-json\/wp\/v2\/posts\/11108\/revisions"}],"wp:featuredmedia":[{"embeddable":true,"href":"https:\/\/www.europesays.com\/lv\/wp-json\/wp\/v2\/media\/11109"}],"wp:attachment":[{"href":"https:\/\/www.europesays.com\/lv\/wp-json\/wp\/v2\/media?parent=11108"}],"wp:term":[{"taxonomy":"category","embeddable":true,"href":"https:\/\/www.europesays.com\/lv\/wp-json\/wp\/v2\/categories?post=11108"},{"taxonomy":"post_tag","embeddable":true,"href":"https:\/\/www.europesays.com\/lv\/wp-json\/wp\/v2\/tags?post=11108"}],"curies":[{"name":"wp","href":"https:\/\/api.w.org\/{rel}","templated":true}]}}