{"id":111118,"date":"2026-01-22T17:04:20","date_gmt":"2026-01-22T17:04:20","guid":{"rendered":"https:\/\/www.europesays.com\/lv\/111118\/"},"modified":"2026-01-22T17:04:20","modified_gmt":"2026-01-22T17:04:20","slug":"davids-krumins-deportacijas-diena-pazino-ka-policijai-nepadosies-un-begs-vai-vinam-atkal-izdosies-izvairities-no-soda","status":"publish","type":"post","link":"https:\/\/www.europesays.com\/lv\/111118\/","title":{"rendered":"D\u0101vids Kr\u016bmi\u0146\u0161 deport\u0101cijas dien\u0101 pazi\u0146o, ka policijai nepadosies un b\u0113gs. Vai vi\u0146am atkal izdosies izvair\u012bties no soda?"},"content":{"rendered":"<p>22. janv\u0101ra p\u0113cpusdien\u0101 ar Frankfurtes avioreisu bija pl\u0101nota par cilv\u0113ka nolaup\u012b\u0161anas organiz\u0113\u0161anu aizdom\u0101s tur\u0113t\u0101 influencera D\u0101vida Kr\u016bmi\u0146a deport\u0101cija uz V\u0101ciju. V\u0101cijas Feder\u0101l\u0101s policijas konvoja pavad\u012bb\u0101 ar Lufthansa reisu biju\u0161o Francijas \u0100rzemju le\u0123iona milit\u0101rpesonu visdr\u012bz\u0101k nog\u0101d\u0101tu V\u012bsb\u0101den\u0113, kur atrodas Feder\u0101l\u0101s policijas galven\u0101 m\u012btne.<\/p>\n<p>Tom\u0113r sav\u0101 &#8220;Facebook&#8221; profil\u0101 public\u0113t\u0101 video Kr\u016bmi\u0146\u0161 pazi\u0146oja, ka b\u0113gs. Ko par to saka policija?<\/p>\n","protected":false},"excerpt":{"rendered":"22. janv\u0101ra p\u0113cpusdien\u0101 ar Frankfurtes avioreisu bija pl\u0101nota par cilv\u0113ka nolaup\u012b\u0161anas organiz\u0113\u0161anu aizdom\u0101s tur\u0113t\u0101 influencera D\u0101vida Kr\u016bmi\u0146a deport\u0101cija&hellip;\n","protected":false},"author":2,"featured_media":111119,"comment_status":"","ping_status":"","sticky":false,"template":"","format":"standard","meta":{"footnotes":""},"categories":[12],"tags":[23,28,29,14014,32,33,22,30,31,35,39,38,36,37,34,40,20,26,27,24,25,900,21],"class_list":{"0":"post-111118","1":"post","2":"type-post","3":"status-publish","4":"format-standard","5":"has-post-thumbnail","7":"category-latvija","8":"tag-aktualitates","9":"tag-breaking-news","10":"tag-breakingnews","11":"tag-davids-krumins","12":"tag-featured-news","13":"tag-featurednews","14":"tag-headlines","15":"tag-latest-news","16":"tag-latestnews","17":"tag-latvia","18":"tag-latvian","19":"tag-latviesu","20":"tag-latviesu-valoda","21":"tag-latviesuvaloda","22":"tag-latvija","23":"tag-lv","24":"tag-news","25":"tag-popularakas-zinas","26":"tag-popularakaszinas","27":"tag-top-stories","28":"tag-topstories","29":"tag-tvnet-cilvekstasti","30":"tag-zinas"},"share_on_mastodon":{"url":"https:\/\/pubeurope.com\/@lv\/115939840060172571","error":""},"_links":{"self":[{"href":"https:\/\/www.europesays.com\/lv\/wp-json\/wp\/v2\/posts\/111118","targetHints":{"allow":["GET"]}}],"collection":[{"href":"https:\/\/www.europesays.com\/lv\/wp-json\/wp\/v2\/posts"}],"about":[{"href":"https:\/\/www.europesays.com\/lv\/wp-json\/wp\/v2\/types\/post"}],"author":[{"embeddable":true,"href":"https:\/\/www.europesays.com\/lv\/wp-json\/wp\/v2\/users\/2"}],"replies":[{"embeddable":true,"href":"https:\/\/www.europesays.com\/lv\/wp-json\/wp\/v2\/comments?post=111118"}],"version-history":[{"count":0,"href":"https:\/\/www.europesays.com\/lv\/wp-json\/wp\/v2\/posts\/111118\/revisions"}],"wp:featuredmedia":[{"embeddable":true,"href":"https:\/\/www.europesays.com\/lv\/wp-json\/wp\/v2\/media\/111119"}],"wp:attachment":[{"href":"https:\/\/www.europesays.com\/lv\/wp-json\/wp\/v2\/media?parent=111118"}],"wp:term":[{"taxonomy":"category","embeddable":true,"href":"https:\/\/www.europesays.com\/lv\/wp-json\/wp\/v2\/categories?post=111118"},{"taxonomy":"post_tag","embeddable":true,"href":"https:\/\/www.europesays.com\/lv\/wp-json\/wp\/v2\/tags?post=111118"}],"curies":[{"name":"wp","href":"https:\/\/api.w.org\/{rel}","templated":true}]}}