{"id":11116,"date":"2025-10-03T06:15:13","date_gmt":"2025-10-03T06:15:13","guid":{"rendered":"https:\/\/www.europesays.com\/lv\/11116\/"},"modified":"2025-10-03T06:15:13","modified_gmt":"2025-10-03T06:15:13","slug":"droni-minhenes-lidosta-vacija-liek-atcelt-lidmasinu-reisus","status":"publish","type":"post","link":"https:\/\/www.europesays.com\/lv\/11116\/","title":{"rendered":"Droni Minhenes lidost\u0101 V\u0101cij\u0101 liek atcelt lidma\u0161\u012bnu reisus"},"content":{"rendered":"<p>Minhenes lidost\u0101 ceturtdienas vakar\u0101 tika atcelti aptuveni 20 avioreisi dronu d\u0113\u013c, kas bija redz\u0113ti t\u0101s tuvum\u0101, piektdienas r\u012bt\u0101 pazi\u0146oja V\u0101cijas policija.<\/p>\n<p>Vair\u0101ki cilv\u0113ki zi\u0146oja, ka ir redz\u0113ju\u0161i dronu net\u0101lu no lidostas, un v\u0113l\u0101k tika zi\u0146ots par redz\u0113tu dronu virs lidostas teritorijas. S\u0101kotn\u0113ji nebija skaidrs, vai tur bija viens vai vair\u0101ki droni.<\/p>\n<p>Policija pazi\u0146oja, ka piesardz\u012bbas apsv\u0113rumu d\u0113\u013c ceturtdienas vakar\u0101 tika sl\u0113gti lidostas skrejce\u013ci.<\/p>\n<p>Bav\u0101rijas feder\u0101l\u0101s zemes un V\u0101cijas feder\u0101l\u0101s policijas virsnieki p\u0101rmekl\u0113ja rajonu, lai atrastu dronus un aizdom\u012bgas personas, bet neko neatrada. Mekl\u0113\u0161an\u0101 tika izmantots ar\u012b policijas helikopters.<\/p>\n<p><img decoding=\"async\" src=\"https:\/\/www.europesays.com\/lv\/wp-content\/uploads\/2025\/10\/e720be043d0e17149ae6e904a72be2bf.jpg\" title=\"Minhenes lidosta. Foto: scanpix\/Jason Tschepljakow\/dpa via AP\" alt=\"Minhenes lidosta. Foto: scanpix\/Jason Tschepljakow\/dpa via AP\"\/><\/p>\n<p class=\"article-img-desc\">Minhenes lidosta. Foto: scanpix\/Jason Tschepljakow\/dpa via AP<\/p>\n","protected":false},"excerpt":{"rendered":"Minhenes lidost\u0101 ceturtdienas vakar\u0101 tika atcelti aptuveni 20 avioreisi dronu d\u0113\u013c, kas bija redz\u0113ti t\u0101s tuvum\u0101, piektdienas r\u012bt\u0101&hellip;\n","protected":false},"author":2,"featured_media":11117,"comment_status":"","ping_status":"","sticky":false,"template":"","format":"standard","meta":{"footnotes":""},"categories":[5],"tags":[129,4121,2103,636,23,28,29,32,33,22,30,31,35,39,38,36,37,34,40,20,26,27,4122,2104,637,4123,2105,638,24,25,21],"class_list":{"0":"post-11116","1":"post","2":"type-post","3":"status-publish","4":"format-standard","5":"has-post-thumbnail","7":"category-aktualitates","8":"tag-__typenameadvicekeyword","9":"tag-id602","10":"tag-id651","11":"tag-id654","12":"tag-aktualitates","13":"tag-breaking-news","14":"tag-breakingnews","15":"tag-featured-news","16":"tag-featurednews","17":"tag-headlines","18":"tag-latest-news","19":"tag-latestnews","20":"tag-latvia","21":"tag-latvian","22":"tag-latviesu","23":"tag-latviesu-valoda","24":"tag-latviesuvaloda","25":"tag-latvija","26":"tag-lv","27":"tag-news","28":"tag-popularakas-zinas","29":"tag-popularakaszinas","30":"tag-slugdrons","31":"tag-sluglidmasinas-aviacija","32":"tag-slugvacija","33":"tag-titledrons","34":"tag-titlelidmasinas-aviacija","35":"tag-titlevacija","36":"tag-top-stories","37":"tag-topstories","38":"tag-zinas"},"share_on_mastodon":{"url":"","error":""},"_links":{"self":[{"href":"https:\/\/www.europesays.com\/lv\/wp-json\/wp\/v2\/posts\/11116","targetHints":{"allow":["GET"]}}],"collection":[{"href":"https:\/\/www.europesays.com\/lv\/wp-json\/wp\/v2\/posts"}],"about":[{"href":"https:\/\/www.europesays.com\/lv\/wp-json\/wp\/v2\/types\/post"}],"author":[{"embeddable":true,"href":"https:\/\/www.europesays.com\/lv\/wp-json\/wp\/v2\/users\/2"}],"replies":[{"embeddable":true,"href":"https:\/\/www.europesays.com\/lv\/wp-json\/wp\/v2\/comments?post=11116"}],"version-history":[{"count":0,"href":"https:\/\/www.europesays.com\/lv\/wp-json\/wp\/v2\/posts\/11116\/revisions"}],"wp:featuredmedia":[{"embeddable":true,"href":"https:\/\/www.europesays.com\/lv\/wp-json\/wp\/v2\/media\/11117"}],"wp:attachment":[{"href":"https:\/\/www.europesays.com\/lv\/wp-json\/wp\/v2\/media?parent=11116"}],"wp:term":[{"taxonomy":"category","embeddable":true,"href":"https:\/\/www.europesays.com\/lv\/wp-json\/wp\/v2\/categories?post=11116"},{"taxonomy":"post_tag","embeddable":true,"href":"https:\/\/www.europesays.com\/lv\/wp-json\/wp\/v2\/tags?post=11116"}],"curies":[{"name":"wp","href":"https:\/\/api.w.org\/{rel}","templated":true}]}}