{"id":111202,"date":"2026-01-22T19:47:08","date_gmt":"2026-01-22T19:47:08","guid":{"rendered":"https:\/\/www.europesays.com\/lv\/111202\/"},"modified":"2026-01-22T19:47:08","modified_gmt":"2026-01-22T19:47:08","slug":"nezinu-par-ko-vienojusies-tramps-un-rite","status":"publish","type":"post","link":"https:\/\/www.europesays.com\/lv\/111202\/","title":{"rendered":"Nezinu, par ko vienoju\u0161ies Tramps un Rite"},"content":{"rendered":"<p>Vi\u0146\u0161 uzsv\u0113ra, ka neviena vieno\u0161an\u0101s nevar tikt pan\u0101kta bez Grenlandes iesaistes.<\/p>\n<p>&#8220;Nevienam citam, iz\u0146emot Grenlandi un D\u0101nijas Karalisti, nav pilnvaru sl\u0113gt dar\u012bjumus vai vieno\u0161an\u0101s par Grenlandi un D\u0101nijas Karalisti bez mums,&#8221; preses konferenc\u0113 pazi\u0146oja Nilsens.<\/p>\n<p>&#8220;Mums ir p\u0101ris sarkan\u0101s l\u012bnijas (..). Mums ir j\u0101iev\u0113ro m\u016bsu teritori\u0101l\u0101 integrit\u0101te. Mums ir j\u0101iev\u0113ro starptautisk\u0101s ties\u012bbas un suverenit\u0101te,&#8221; vi\u0146\u0161 piebilda.<\/p>\n<p>Tramps tre\u0161dien p\u0113c tik\u0161an\u0101s ar Riti atsauca savus draudus piem\u0113rot tarifus Eiropas valst\u012bm, kas iebilst pret ASV nost\u0101ju Grenlandes jaut\u0101jum\u0101, un izteic\u0101s, ka sarun\u0101s ar Riti vi\u0146iem izdevies vienoties par ietvaru risin\u0101jumam Grenlandes jaut\u0101jumam. K\u0101da tie\u0161i ir \u0161\u012b vieno\u0161an\u0101s, pagaid\u0101m nav zin\u0101ms.<\/p>\n<p>Nilsens nor\u0101d\u012bja, ka priec\u0101jies dzird\u0113t Trampa sac\u012bto, ka vi\u0146\u0161 nepielietos sp\u0113ku Grenlandes ieg\u016b\u0161anai, bet uzsv\u0113ra, ka nav inform\u0113ts par min\u0113t\u0101s vieno\u0161an\u0101s saturu un nav piedal\u012bjies sarun\u0101s.<\/p>\n<p>K\u0101, atsaucoties uz inform\u0113tu avotu, v\u0113sta zi\u0146u a\u0123ent\u016bra AFP, vieno\u0161an\u0101s paredz, ka ASV un D\u0101nija no jauna apspried\u012bs 1951. gada aizsardz\u012bbas paktu par Grenlandi.<\/p>\n<p>Grenlandes vicepremjers Mute Egede soci\u0101lajos t\u012bklos iepriek\u0161 nor\u0101d\u012bja, ka ir &#8220;nepie\u0146emami m\u0113\u0123in\u0101t nodot m\u016bsu zemi citiem&#8221;.<\/p>\n<p>Nilsens izteic\u0101s, ka gad\u012bjum\u0101, ja Grenlandei b\u016btu j\u0101izv\u0113las, vai palikt D\u0101nijas sast\u0101v\u0101 vai pievienoties ASV, t\u0101 izv\u0113l\u0113tos D\u0101niju, Eiropas Savien\u012bbu (ES) un NATO.<\/p>\n","protected":false},"excerpt":{"rendered":"Vi\u0146\u0161 uzsv\u0113ra, ka neviena vieno\u0161an\u0101s nevar tikt pan\u0101kta bez Grenlandes iesaistes. &#8220;Nevienam citam, iz\u0146emot Grenlandi un D\u0101nijas Karalisti,&hellip;\n","protected":false},"author":2,"featured_media":111203,"comment_status":"","ping_status":"","sticky":false,"template":"","format":"standard","meta":{"footnotes":""},"categories":[14],"tags":[23,57,28,29,32,33,20878,25644,22,30,31,35,39,38,36,37,34,40,20,26,27,24,25,54,55,56,21,58],"class_list":{"0":"post-111202","1":"post","2":"type-post","3":"status-publish","4":"format-standard","5":"has-post-thumbnail","7":"category-zinas-no-arvalstim","8":"tag-aktualitates","9":"tag-arvalstim","10":"tag-breaking-news","11":"tag-breakingnews","12":"tag-featured-news","13":"tag-featurednews","14":"tag-grenlande","15":"tag-grenlandes-konflikts","16":"tag-headlines","17":"tag-latest-news","18":"tag-latestnews","19":"tag-latvia","20":"tag-latvian","21":"tag-latviesu","22":"tag-latviesu-valoda","23":"tag-latviesuvaloda","24":"tag-latvija","25":"tag-lv","26":"tag-news","27":"tag-popularakas-zinas","28":"tag-popularakaszinas","29":"tag-top-stories","30":"tag-topstories","31":"tag-world","32":"tag-world-news","33":"tag-worldnews","34":"tag-zinas","35":"tag-zinas-no-arvalstim"},"share_on_mastodon":{"url":"https:\/\/pubeurope.com\/@lv\/115940480921476311","error":""},"_links":{"self":[{"href":"https:\/\/www.europesays.com\/lv\/wp-json\/wp\/v2\/posts\/111202","targetHints":{"allow":["GET"]}}],"collection":[{"href":"https:\/\/www.europesays.com\/lv\/wp-json\/wp\/v2\/posts"}],"about":[{"href":"https:\/\/www.europesays.com\/lv\/wp-json\/wp\/v2\/types\/post"}],"author":[{"embeddable":true,"href":"https:\/\/www.europesays.com\/lv\/wp-json\/wp\/v2\/users\/2"}],"replies":[{"embeddable":true,"href":"https:\/\/www.europesays.com\/lv\/wp-json\/wp\/v2\/comments?post=111202"}],"version-history":[{"count":0,"href":"https:\/\/www.europesays.com\/lv\/wp-json\/wp\/v2\/posts\/111202\/revisions"}],"wp:featuredmedia":[{"embeddable":true,"href":"https:\/\/www.europesays.com\/lv\/wp-json\/wp\/v2\/media\/111203"}],"wp:attachment":[{"href":"https:\/\/www.europesays.com\/lv\/wp-json\/wp\/v2\/media?parent=111202"}],"wp:term":[{"taxonomy":"category","embeddable":true,"href":"https:\/\/www.europesays.com\/lv\/wp-json\/wp\/v2\/categories?post=111202"},{"taxonomy":"post_tag","embeddable":true,"href":"https:\/\/www.europesays.com\/lv\/wp-json\/wp\/v2\/tags?post=111202"}],"curies":[{"name":"wp","href":"https:\/\/api.w.org\/{rel}","templated":true}]}}