{"id":111212,"date":"2026-01-22T20:08:08","date_gmt":"2026-01-22T20:08:08","guid":{"rendered":"https:\/\/www.europesays.com\/lv\/111212\/"},"modified":"2026-01-22T20:08:08","modified_gmt":"2026-01-22T20:08:08","slug":"latvija-pirmaja-vieta-aicina-saeimu-lemt-par-atbalstu-trampa-apbalvosanai-ar-nobela-miera-premiju","status":"publish","type":"post","link":"https:\/\/www.europesays.com\/lv\/111212\/","title":{"rendered":"&#8220;Latvija pirmaj\u0101 viet\u0101&#8221; aicina Saeimu lemt par atbalstu Trampa apbalvo\u0161anai ar Nobela Miera pr\u0113miju"},"content":{"rendered":"<p>Ar \u0161\u0101du iniciat\u012bvu n\u0101ku\u0161i klaj\u0101 opoz\u012bcij\u0101 eso\u0161ie &#8220;Latvija pirmaj\u0101 viet\u0101&#8221; frakcijas deput\u0101ti.<\/p>\n<p>Iesniedz\u0113ji nor\u0101d\u012bju\u0161i, ka l\u0113mumprojekts nepiecie\u0161ams &#8220;cie\u0146\u0101 pret ASV nost\u0101ju pret Latviju, kas ir bijusi noz\u012bm\u012bgs politisks un juridisks balsts Latvijas c\u012b\u0146ai par valstisku neatkar\u012bbu un suverenit\u0101ti&#8221;.<\/p>\n<p>Tikm\u0113r Saeimas kulu\u0101ros deput\u0101ti apsprie\u017e Saeimas priek\u0161s\u0113d\u0113t\u0101jas Daigas Mieri\u0146as (Za\u013co un Zemnieku savien\u012bba) iniciat\u012bvu parakst\u012bt v\u0113stuli ar l\u016bgumu pie\u0161\u0137ir Trampam Nobela Miera pr\u0113miju.<\/p>\n<p>Lai ar\u012b da\u013ca deput\u0101tu neatbalsta iniciat\u012bvu par apbalvojuma pie\u0161\u0137ir\u0161anu Trampam, Saeimas deput\u0101ti vismaz pagaid\u0101m nav noska\u0146oti pras\u012bt Mieri\u0146as atsauk\u0161anu no parlamenta priek\u0161s\u0113d\u0113t\u0101jas amata.<br \/>K\u0101 v\u0113sta \u017eurn\u0101ls &#8220;Ir&#8221;, Mieri\u0146a parakst\u012bjusi Izra\u0113las un ASV parlamentu vad\u012bt\u0101ju inici\u0113tu v\u0113stuli Nobela pr\u0113mijas komitejai, rosinot 2025. gada Miera pr\u0113miju pie\u0161\u0137irt Trampam. Lai gan s\u0101kotn\u0113ji Mieri\u0146a skaidroja, ka paraksts bijis tikai &#8220;izm\u0113\u0123in\u0101jums&#8221; un jaut\u0101jums v\u0113l j\u0101apsprie\u017e ar \u0101rpolitikas veidot\u0101jiem, v\u0113l\u0101k vi\u0146a apstiprin\u0101ja, ka v\u0113stule jau nos\u016bt\u012bta Izra\u0113lai.<\/p>\n<p>V\u0113stules parakst\u012b\u0161ana notika laik\u0101, kad Trampa pazi\u0146ojumi par iesp\u0113jamu Grenlandes aneksiju pastiprin\u0101ju\u0161i spriedzi transatlantiskaj\u0101s attiec\u012bb\u0101s. Mieri\u0146a Trampa r\u012bc\u012bbu aizst\u0101v\u0113ja, nor\u0101dot uz dro\u0161\u012bbas apsv\u0113rumiem un uzsverot ASV k\u0101 Latvijas strat\u0113\u0123isko partneri.<\/p>\n<p>Iepriek\u0161 Sili\u0146a pazi\u0146oja, ka respekt\u0113jot Mieri\u0146as person\u012bgo l\u0113mumu parakst\u012bt v\u0113stuli Nobela pr\u0113mijas komitejai, rosinot 2025. gada Miera pr\u0113miju pie\u0161\u0137irt ASV prezidentam Donaldam Trampam. Ar\u012b Valsts prezidents Edgars Rink\u0113vi\u010ds respekt\u0113jot Mieri\u0146as personisko nost\u0101ju aicin\u0101t pie\u0161\u0137irt Trampam Nobela Miera pr\u0113miju.<\/p>\n","protected":false},"excerpt":{"rendered":"Ar \u0161\u0101du iniciat\u012bvu n\u0101ku\u0161i klaj\u0101 opoz\u012bcij\u0101 eso\u0161ie &#8220;Latvija pirmaj\u0101 viet\u0101&#8221; frakcijas deput\u0101ti. Iesniedz\u0113ji nor\u0101d\u012bju\u0161i, ka l\u0113mumprojekts nepiecie\u0161ams &#8220;cie\u0146\u0101&hellip;\n","protected":false},"author":2,"featured_media":111158,"comment_status":"","ping_status":"","sticky":false,"template":"","format":"standard","meta":{"footnotes":""},"categories":[5],"tags":[23,28,29,3524,542,32,33,22,30,31,35,39,38,36,37,34,40,20,26,27,24,25,21],"class_list":{"0":"post-111212","1":"post","2":"type-post","3":"status-publish","4":"format-standard","5":"has-post-thumbnail","7":"category-aktualitates","8":"tag-aktualitates","9":"tag-breaking-news","10":"tag-breakingnews","11":"tag-daiga-mierina","12":"tag-donalds-tramps","13":"tag-featured-news","14":"tag-featurednews","15":"tag-headlines","16":"tag-latest-news","17":"tag-latestnews","18":"tag-latvia","19":"tag-latvian","20":"tag-latviesu","21":"tag-latviesu-valoda","22":"tag-latviesuvaloda","23":"tag-latvija","24":"tag-lv","25":"tag-news","26":"tag-popularakas-zinas","27":"tag-popularakaszinas","28":"tag-top-stories","29":"tag-topstories","30":"tag-zinas"},"share_on_mastodon":{"url":"https:\/\/pubeurope.com\/@lv\/115940563611711621","error":""},"_links":{"self":[{"href":"https:\/\/www.europesays.com\/lv\/wp-json\/wp\/v2\/posts\/111212","targetHints":{"allow":["GET"]}}],"collection":[{"href":"https:\/\/www.europesays.com\/lv\/wp-json\/wp\/v2\/posts"}],"about":[{"href":"https:\/\/www.europesays.com\/lv\/wp-json\/wp\/v2\/types\/post"}],"author":[{"embeddable":true,"href":"https:\/\/www.europesays.com\/lv\/wp-json\/wp\/v2\/users\/2"}],"replies":[{"embeddable":true,"href":"https:\/\/www.europesays.com\/lv\/wp-json\/wp\/v2\/comments?post=111212"}],"version-history":[{"count":0,"href":"https:\/\/www.europesays.com\/lv\/wp-json\/wp\/v2\/posts\/111212\/revisions"}],"wp:featuredmedia":[{"embeddable":true,"href":"https:\/\/www.europesays.com\/lv\/wp-json\/wp\/v2\/media\/111158"}],"wp:attachment":[{"href":"https:\/\/www.europesays.com\/lv\/wp-json\/wp\/v2\/media?parent=111212"}],"wp:term":[{"taxonomy":"category","embeddable":true,"href":"https:\/\/www.europesays.com\/lv\/wp-json\/wp\/v2\/categories?post=111212"},{"taxonomy":"post_tag","embeddable":true,"href":"https:\/\/www.europesays.com\/lv\/wp-json\/wp\/v2\/tags?post=111212"}],"curies":[{"name":"wp","href":"https:\/\/api.w.org\/{rel}","templated":true}]}}