{"id":11122,"date":"2025-10-03T06:19:15","date_gmt":"2025-10-03T06:19:15","guid":{"rendered":"https:\/\/www.europesays.com\/lv\/11122\/"},"modified":"2025-10-03T06:19:15","modified_gmt":"2025-10-03T06:19:15","slug":"es-karts-stipraka-par-krievijas-ietekmi-lente-lv","status":"publish","type":"post","link":"https:\/\/www.europesays.com\/lv\/11122\/","title":{"rendered":"ES k\u0101rts stipr\u0101ka par Krievijas ietekmi\u00a0\u2014\u00a0Lente.lv"},"content":{"rendered":"<p>Moldovas v\u0113l\u0113\u0161an\u0101s ES k\u0101rts izr\u0101d\u012bj\u0101s sp\u0113c\u012bg\u0101ka par Krievijas k\u0101rti<\/p>\n<p>Moldovas politikas anal\u012bti\u0137i, v\u0113rt\u0113jot nesen\u0101s parlamenta v\u0113l\u0113\u0161anas, vienbals\u012bgi secina \u2013 Eiropas Savien\u012bbas (ES) strat\u0113\u0123ija un pievilc\u012bba izr\u0101d\u012bjusies stipr\u0101ka par Krievijas ietekmes m\u0113\u0123in\u0101jumiem. Valdo\u0161\u0101 proeiropeisk\u0101 R\u012bc\u012bbas un solidarit\u0101tes partija (PAS) guvusi p\u0101rliecino\u0161u uzvaru, sav\u0101cot vair\u0101k nek\u0101 50% balsu un saglab\u0101jot absol\u016bto vair\u0101kumu parlament\u0101, kas nodro\u0161ina tai iesp\u0113ju turpin\u0101t valsts vad\u012b\u0161anu n\u0101kamos \u010detrus gadus.<\/p>\n<p>Demokr\u0101tisk\u0101 izv\u0113le sp\u012bd stipr\u0101k<\/p>\n<p>\u0160\u012bs v\u0113l\u0113\u0161anas tika d\u0113v\u0113tas par vien\u0101m no vissvar\u012bg\u0101kaj\u0101m Moldovas jaun\u0101ko laiku v\u0113stur\u0113, jo t\u0101s noteica valsts \u0123eopolitisko n\u0101kotni \u2013 vai t\u0101 turpin\u0101s cie\u0161\u0101ku integr\u0101ciju ar Eiropas Savien\u012bbu, vai ar\u012b atgriez\u012bsies Krievijas ietekmes zon\u0101. Rezult\u0101ti skaidri apliecina Moldovas iedz\u012bvot\u0101ju v\u0113lmi p\u0113c stabilit\u0101tes, demokr\u0101tijas un att\u012bst\u012bbas Eiropas Savien\u012bbas ietvaros. PAS pan\u0101kums ir \u012bpa\u0161i noz\u012bm\u012bgs, jo tas paredz valsts virz\u012bbu uz ES iest\u0101\u0161anos, kas ir viens no galvenajiem Moldovas \u0101rpolitikas m\u0113r\u0137iem.<\/p>\n<p>Krievijas ietekmes m\u0113\u0123in\u0101jumi cieta neveiksmi<\/p>\n<p>Neskatoties uz Krievijas akt\u012bvajiem centieniem ietekm\u0113t v\u0113l\u0113\u0161anu izn\u0101kumu, izmantojot pla\u0161as dezinform\u0101cijas kampa\u0146as, balsu pirk\u0161anu un pat m\u0113\u0123in\u0101jumus rad\u012bt nek\u0101rt\u012bbas, t\u0101s nav guvu\u0161as pan\u0101kumus. Zi\u0146ojumi par viltus spridzek\u013ciem balso\u0161anas iecirk\u0146os gan Moldov\u0101, gan \u0101rvalst\u012bs, k\u0101 ar\u012b aiztur\u0113tie par nemieru pl\u0101no\u0161anu, liecina par Krem\u013ca centieniem destabiliz\u0113t situ\u0101ciju, ta\u010du galu gal\u0101 \u0161ie m\u0113\u0123in\u0101jumi nav biju\u0161i pietiekami, lai main\u012btu tautas gribu. Politologs Andis Kudors nor\u0101da, ka Krievijas centieni ar hibr\u012bdkara metod\u0113m ietekm\u0113t Moldovas v\u0113l\u0113\u0161anas nav izdevu\u0161ies.<\/p>\n<p>PAS absol\u016btais vair\u0101kums un turpm\u0101kie so\u013ci<\/p>\n<p>PAS ir ne tikai uzvar\u0113jusi v\u0113l\u0113\u0161an\u0101s, bet ar\u012b ieguvusi absol\u016bto vair\u0101kumu jaunaj\u0101 parlament\u0101, kas \u013caus tai veidot vald\u012bbu patst\u0101v\u012bgi, bez nepiecie\u0161am\u012bbas p\u0113c koal\u012bcijas partneriem. Lai gan \u0161oreiz mand\u0101tu skaits ir nedaudz maz\u0101ks nek\u0101 iepriek\u0161\u0113j\u0101 sasaukum\u0101, tas joproj\u0101m nodro\u0161ina stabilu pamatu vald\u012bbas veido\u0161anai un reformu turpin\u0101\u0161anai. Jaunajam parlamentam b\u016bs j\u0101str\u0101d\u0101 pie reformas procesa turpin\u0101\u0161anas, kas ietver tieslietu sist\u0113mas stiprin\u0101\u0161anu, korupcijas apkaro\u0161anu un ekonomikas moderniz\u0101ciju, lai pilnv\u0113rt\u012bgi izmantotu ES sniegt\u0101s iesp\u0113jas.<\/p>\n<p>Iedz\u012bvot\u0101ju atbalsts un cer\u012bbas uz n\u0101kotni<\/p>\n<p>Sabiedr\u012bbas atbalsts PAS un t\u0101s proeiropeiskajai politikai ir nep\u0101rprotams. Daudzi mold\u0101vi uzskata, ka tuvin\u0101\u0161an\u0101s Eiropas Savien\u012bbai sniedz labkl\u0101j\u012bbas pieaugumu un stabilit\u0101ti. Eiropas Komisijas prezidente Urzula fon der Leiena ir paudusi gandar\u012bjumu par v\u0113l\u0113\u0161anu rezult\u0101tu, uzsverot, ka mold\u0101vi ir izv\u0113l\u0113ju\u0161ies &#8220;Eiropu, demokr\u0101tiju un br\u012bv\u012bbu&#8221;. Prezidente Maija Sandu ir uzsv\u0113rusi, ka &#8220;mold\u0101vi ir vienoti v\u0113lm\u0113 p\u0113c miera, demokr\u0101tijas un Eiropas&#8221; un ir gatavi to aizst\u0101v\u0113t.<\/p>\n<p>Lai gan valsts ce\u013c\u0161 uz Eiropas Savien\u012bbu ir gan pilns ar cer\u012bb\u0101m, gan izaicin\u0101jumiem, Moldovas ap\u0146\u0113m\u012bba virz\u012bties uz priek\u0161u ir sp\u0113c\u012bga. \u0160\u012b uzvara p\u0101r Krievijas destabiliz\u0113jo\u0161o r\u012bc\u012bbu apliecina Moldovas tautas gatav\u012bbu c\u012bn\u012bties par savu neatkar\u012bbu un suver\u0113nu n\u0101kotni Eiropas \u0123imen\u0113.<\/p>\n","protected":false},"excerpt":{"rendered":"Moldovas v\u0113l\u0113\u0161an\u0101s ES k\u0101rts izr\u0101d\u012bj\u0101s sp\u0113c\u012bg\u0101ka par Krievijas k\u0101rti Moldovas politikas anal\u012bti\u0137i, v\u0113rt\u0113jot nesen\u0101s parlamenta v\u0113l\u0113\u0161anas, vienbals\u012bgi secina&hellip;\n","protected":false},"author":2,"featured_media":11123,"comment_status":"","ping_status":"","sticky":false,"template":"","format":"standard","meta":{"footnotes":""},"categories":[14],"tags":[23,57,28,29,514,32,33,4125,22,4116,30,31,35,39,38,36,37,34,40,4113,20,4115,26,27,24,25,54,55,56,21,58],"class_list":{"0":"post-11122","1":"post","2":"type-post","3":"status-publish","4":"format-standard","5":"has-post-thumbnail","7":"category-zinas-no-arvalstim","8":"tag-aktualitates","9":"tag-arvalstim","10":"tag-breaking-news","11":"tag-breakingnews","12":"tag-eiropas-savieniba","13":"tag-featured-news","14":"tag-featurednews","15":"tag-geopolitika","16":"tag-headlines","17":"tag-krievijas-ietekme","18":"tag-latest-news","19":"tag-latestnews","20":"tag-latvia","21":"tag-latvian","22":"tag-latviesu","23":"tag-latviesu-valoda","24":"tag-latviesuvaloda","25":"tag-latvija","26":"tag-lv","27":"tag-moldovas-velesanas","28":"tag-news","29":"tag-pas-partija","30":"tag-popularakas-zinas","31":"tag-popularakaszinas","32":"tag-top-stories","33":"tag-topstories","34":"tag-world","35":"tag-world-news","36":"tag-worldnews","37":"tag-zinas","38":"tag-zinas-no-arvalstim"},"share_on_mastodon":{"url":"","error":""},"_links":{"self":[{"href":"https:\/\/www.europesays.com\/lv\/wp-json\/wp\/v2\/posts\/11122","targetHints":{"allow":["GET"]}}],"collection":[{"href":"https:\/\/www.europesays.com\/lv\/wp-json\/wp\/v2\/posts"}],"about":[{"href":"https:\/\/www.europesays.com\/lv\/wp-json\/wp\/v2\/types\/post"}],"author":[{"embeddable":true,"href":"https:\/\/www.europesays.com\/lv\/wp-json\/wp\/v2\/users\/2"}],"replies":[{"embeddable":true,"href":"https:\/\/www.europesays.com\/lv\/wp-json\/wp\/v2\/comments?post=11122"}],"version-history":[{"count":0,"href":"https:\/\/www.europesays.com\/lv\/wp-json\/wp\/v2\/posts\/11122\/revisions"}],"wp:featuredmedia":[{"embeddable":true,"href":"https:\/\/www.europesays.com\/lv\/wp-json\/wp\/v2\/media\/11123"}],"wp:attachment":[{"href":"https:\/\/www.europesays.com\/lv\/wp-json\/wp\/v2\/media?parent=11122"}],"wp:term":[{"taxonomy":"category","embeddable":true,"href":"https:\/\/www.europesays.com\/lv\/wp-json\/wp\/v2\/categories?post=11122"},{"taxonomy":"post_tag","embeddable":true,"href":"https:\/\/www.europesays.com\/lv\/wp-json\/wp\/v2\/tags?post=11122"}],"curies":[{"name":"wp","href":"https:\/\/api.w.org\/{rel}","templated":true}]}}