{"id":111227,"date":"2026-01-22T20:39:11","date_gmt":"2026-01-22T20:39:11","guid":{"rendered":"https:\/\/www.europesays.com\/lv\/111227\/"},"modified":"2026-01-22T20:39:11","modified_gmt":"2026-01-22T20:39:11","slug":"keitija-praisa-zelojas-ka-neparko-nevar-pienemties-svara","status":"publish","type":"post","link":"https:\/\/www.europesays.com\/lv\/111227\/","title":{"rendered":"Keitija Praisa \u017e\u0113lojas, ka neparko nevar pie\u0146emties svar\u0101"},"content":{"rendered":"<p>Fani nekav\u0113joties pauda ba\u017eas par vi\u0146as k\u0101rno izskatu, ta\u010du tagad Keitija nor\u0101d\u012bjusi, ka tas bijis br\u012bdin\u0101jums, kas vi\u0146ai bija nepiecie\u0161ams.<\/p>\n<p>Podk\u0101sta \u201cThe Katie Price Show\u201d jaun\u0101kaj\u0101 s\u0113rij\u0101 Praisa saka: \u201cJ\u0101, es izskatos t\u0101, it k\u0101 b\u016btu slima, t\u0101p\u0113c ar\u012b r\u012bt eju pie \u0101rsta. Es nezinu, cik reizes man cilv\u0113kiem j\u0101saka: \u201cJ\u0101, es zinu, ka esmu zaud\u0113jusi svaru.\u201d Un ir skaidrs, ka tam ir iemesls.\u201d<\/p>\n<blockquote class=\"instagram-media\" data-instgrm-captioned=\"\" data-instgrm-permalink=\"https:\/\/www.instagram.com\/p\/DQADI-9jCnG\/?utm_source=ig_embed&amp;utm_campaign=loading\" data-instgrm-version=\"14\" style=\" background:#FFF; border:0; border-radius:3px; box-shadow:0 0 1px 0 rgba(0,0,0,0.5),0 1px 10px 0 rgba(0,0,0,0.15); margin: 1px; max-width:658px; min-width:326px; padding:0; width:99.375%; width:-webkit-calc(100% - 2px); width:calc(100% - 2px);\">\n<\/blockquote>\n<p>Vaic\u0101ta, vai vi\u0146a zina patieso iemeslu, k\u0101d\u0113\u013c svars tik strauji g\u0101jis mazum\u0101, Keitija atbild\u0113ja: \u201cM\u0113s visi zin\u0101m, ka cen\u0161os to sak\u0101rtot, un tikl\u012bdz es [iemeslu] noskaidro\u0161u, es visiem pateik\u0161u.<\/p>\n<p>Bet, t\u0101 k\u0101 es izskatos tik slikti, tas ir atst\u0101jis iespaidu, un es ieliku sev sej\u0101 fillerus, ko pat negrib\u0113ju dar\u012bt.\u201d<\/p>\n<p>Keitija turpin\u0101ja: \u201cEs vienk\u0101r\u0161i gribu pie\u0146emties svar\u0101, tie\u0161\u0101m gribu, bet tas nenotiek. Visi zina, ka es \u0113du \u2013 es \u0113du visu, ko v\u0113los, man nekad nav biju\u0161as probl\u0113mas ar \u0113\u0161anu.\u201d<\/p>\n<p class=\"ad-desc ad-desc-main\">Saturs turpin\u0101s p\u0113c rekl\u0101mas<\/p>\n<p class=\"ad-desc ad-desc-sec\">Rekl\u0101ma<\/p>\n<p>Nesen Praisa apstiprin\u0101ja, ka vi\u0146as divus gadus ilg\u0101s attiec\u012bbas ar realit\u0101tes \u0161ovu dal\u012bbnieku D\u017eeid\u017eeju Sleiteru <a href=\"https:\/\/tv3.lv\/izklaide\/slavenibas\/aizjuras-slavenibas\/keitija-praisa-beidzot-apstiprina-skirsanos-vinas-sirds-atkal-briva\/\" rel=\"nofollow noopener\" target=\"_blank\">ir gal\u0101<\/a>.<\/p>\n<p class=\"tv3-fw-500\">Zi\u0146o par k\u013c\u016bdu rakst\u0101<\/p>\n<p class=\"d-md-block d-none\">Iez\u012bm\u0113 k\u013c\u016bdaino tekstu un spied Ctrl+Enter.<\/p>\n<p class=\"d-md-none d-block\">Iez\u012bm\u0113 k\u013c\u016bdaino tekstu un zi\u0146o par to!<\/p>\n<p>                <script async src=\"\/\/www.instagram.com\/embed.js\"><\/script><\/p>\n","protected":false},"excerpt":{"rendered":"Fani nekav\u0113joties pauda ba\u017eas par vi\u0146as k\u0101rno izskatu, ta\u010du tagad Keitija nor\u0101d\u012bjusi, ka tas bijis br\u012bdin\u0101jums, kas vi\u0146ai&hellip;\n","protected":false},"author":2,"featured_media":111228,"comment_status":"","ping_status":"","sticky":false,"template":"","format":"standard","meta":{"footnotes":""},"categories":[19],"tags":[89,90,26160,35,39,38,36,37,34,40],"class_list":{"0":"post-111227","1":"post","2":"type-post","3":"status-publish","4":"format-standard","5":"has-post-thumbnail","7":"category-izklaide","8":"tag-entertainment","9":"tag-izklaide","10":"tag-keitija-praisarealitates-sovu-zvaigzne","11":"tag-latvia","12":"tag-latvian","13":"tag-latviesu","14":"tag-latviesu-valoda","15":"tag-latviesuvaloda","16":"tag-latvija","17":"tag-lv"},"share_on_mastodon":{"url":"https:\/\/pubeurope.com\/@lv\/115940685467397704","error":""},"_links":{"self":[{"href":"https:\/\/www.europesays.com\/lv\/wp-json\/wp\/v2\/posts\/111227","targetHints":{"allow":["GET"]}}],"collection":[{"href":"https:\/\/www.europesays.com\/lv\/wp-json\/wp\/v2\/posts"}],"about":[{"href":"https:\/\/www.europesays.com\/lv\/wp-json\/wp\/v2\/types\/post"}],"author":[{"embeddable":true,"href":"https:\/\/www.europesays.com\/lv\/wp-json\/wp\/v2\/users\/2"}],"replies":[{"embeddable":true,"href":"https:\/\/www.europesays.com\/lv\/wp-json\/wp\/v2\/comments?post=111227"}],"version-history":[{"count":0,"href":"https:\/\/www.europesays.com\/lv\/wp-json\/wp\/v2\/posts\/111227\/revisions"}],"wp:featuredmedia":[{"embeddable":true,"href":"https:\/\/www.europesays.com\/lv\/wp-json\/wp\/v2\/media\/111228"}],"wp:attachment":[{"href":"https:\/\/www.europesays.com\/lv\/wp-json\/wp\/v2\/media?parent=111227"}],"wp:term":[{"taxonomy":"category","embeddable":true,"href":"https:\/\/www.europesays.com\/lv\/wp-json\/wp\/v2\/categories?post=111227"},{"taxonomy":"post_tag","embeddable":true,"href":"https:\/\/www.europesays.com\/lv\/wp-json\/wp\/v2\/tags?post=111227"}],"curies":[{"name":"wp","href":"https:\/\/api.w.org\/{rel}","templated":true}]}}